{"id":9439,"date":"2022-11-17T11:49:41","date_gmt":"2022-11-17T08:49:41","guid":{"rendered":"https:\/\/arastirma.disk.org.tr\/?p=9439"},"modified":"2024-04-19T11:37:55","modified_gmt":"2024-04-19T08:37:55","slug":"calisabilir-647-milyon-kisinin-sadece-218-milyonu-kayitli-ve-tam-zamanli-istihdamda","status":"publish","type":"post","link":"https:\/\/arastirma.disk.org.tr\/?p=9439","title":{"rendered":"\u00c7al\u0131\u015fabilir 64,7 milyon ki\u015finin sadece 21,8 milyonu kay\u0131tl\u0131 ve tam zamanl\u0131 istihdamda!"},"content":{"rendered":"<h3 style=\"text-align: center;\">D\u0130SK-AR \u0130\u015fsizlik ve \u0130stihdam\u0131n G\u00f6r\u00fcn\u00fcm\u00fc (2022 3. \u00c7eyrek) Raporu Yay\u0131mland\u0131!<\/h3>\n<ul>\n<li>Kay\u0131tl\u0131 tam zamanl\u0131 istihdam (KAT\u0130) sadece 21,8 milyon!<\/li>\n<li>\u00c7al\u0131\u015fma \u00e7a\u011f\u0131ndaki 64,7 milyon ki\u015finin sadece 21,8 milyonu kay\u0131tl\u0131 ve tam zamanl\u0131 i\u015flerde \u00e7al\u0131\u015f\u0131yor!<\/li>\n<li>2022 y\u0131l\u0131 2.\u00e7eyre\u011finde geni\u015f tan\u0131ml\u0131 i\u015fsiz say\u0131s\u0131 7,7 milyonu a\u015ft\u0131!<\/li>\n<li>Her 100 kad\u0131ndan sadece 18\u2019si kay\u0131tl\u0131 ve tam zamanl\u0131 istihdamda!<\/li>\n<li>Ger\u00e7ek gen\u00e7 i\u015fsizli\u011fi y\u00fczde 36,6, gen\u00e7 kad\u0131n i\u015fsizli\u011fi ise y\u00fczde 48,4!<\/li>\n<\/ul>\n<p><a href=\"http:\/\/arastirma.disk.org.tr\/wp-content\/uploads\/2022\/11\/Temmuz-Eylul-2022-Issizlik-ve-Istihdamin-Gorunumu-2022-3.-Ceyrek.pdf\">Rapora eri\u015fmek i\u00e7in t\u0131klay\u0131n\u0131z.<\/a><\/p>\n<p style=\"font-weight: 400;\">T\u00fcrkiye \u0130statistik Kurumu\u2019nun (T\u00dc\u0130K) <strong>2022 3. \u00e7eyrek d\u00f6nemine ait Hanehalk\u0131 \u0130\u015fg\u00fcc\u00fc Ara\u015ft\u0131rmas\u0131 (H\u0130A)<\/strong> 15 Kas\u0131m 2022\u2019de yay\u0131mland\u0131. 2022 3. \u00e7eyrek d\u00f6nemi Temmuz, A\u011fustos ve Eyl\u00fcl 2022 aylar\u0131n\u0131 kaps\u0131yor ve T\u00dc\u0130K\u2019in yeni metodolojisine dayan\u0131yor. Bilindi\u011fi gibi T\u00dc\u0130K, Mart 2021\u2019den beri ayl\u0131k ve \u00fc\u00e7 ayl\u0131k verileri ayr\u0131 ayr\u0131 a\u00e7\u0131kl\u0131yor. Ayl\u0131k veriler daha s\u0131n\u0131rl\u0131 iken \u00fc\u00e7 ayl\u0131k veriler daha geni\u015f bir kapsama sahiptir.<\/p>\n<p style=\"font-weight: 400;\">T\u00dc\u0130K, 2022 3. \u00e7eyre\u011finde 30 milyon 665 bin olan mevsim etkisinden ar\u0131nd\u0131r\u0131lm\u0131\u015f istihdam edilenlerin say\u0131s\u0131n\u0131 2022 3. \u00e7eyre\u011finde 123 bin ki\u015filik art\u0131\u015fla 30 milyon 787 bin olarak a\u00e7\u0131klad\u0131. 2022 3. \u00e7eyre\u011finde <strong>mevsim etkisinden ar\u0131nd\u0131r\u0131lm\u0131\u015f istihdam oran\u0131 ise y\u00fczde 47,5 olarak ger\u00e7ekle\u015fti.<\/strong> Ancak T\u00dc\u0130K\u2019in resmi istihdam verileri de t\u0131pk\u0131 dar tan\u0131ml\u0131 i\u015fsizlik verileri gibi i\u015fg\u00fcc\u00fc piyasas\u0131na ili\u015fkin ger\u00e7e\u011fin sadece s\u0131n\u0131rl\u0131 bir k\u0131sm\u0131n\u0131 g\u00f6steriyor. \u0130stihdam verileri tek ba\u015f\u0131na istihdam\u0131n niteli\u011fi konusunda bilgi vermiyor. Bu nedenle alternatif i\u015fsizlik hesaplamalar\u0131 yan\u0131nda <strong>alternatif istihdam hesaplamalar\u0131na<\/strong> da ihtiya\u00e7 vard\u0131r!<\/p>\n<p style=\"font-weight: 400;\">TU\u0308I\u0307K\u2019in resmi istihdam oran\u0131 2022 3. \u00e7eyrekte y\u00fczde 47,5 olarak a\u00e7\u0131klan\u0131rken, DI\u0307SK-AR taraf\u0131ndan TU\u0308I\u0307K verilerinden hareketle hesaplanan <strong>Kay\u0131tl\u0131 Tam Zamanl\u0131 \u0130stihdam (KATI\u0307) oran\u0131 y\u00fczde 33,7 <\/strong>olarak ger\u00e7ekle\u015fti. Kad\u0131nlarda resmi istihdam oran\u0131 y\u00fczde 30,5 iken KAT\u0130 oran\u0131 y\u00fczde 18,6 ve erkeklerde resmi istihdam oran\u0131 y\u00fczde 65 olarak a\u00e7\u0131klanm\u0131\u015fken KAT\u0130 oran\u0131 y\u00fczde 49 olarak hesapland\u0131.<\/p>\n<p style=\"font-weight: 400;\">Gen\u00e7 i\u015fsizli\u011finde art\u0131\u015f e\u011filimi devam ediyor. T\u00dc\u0130K verilerinden yapt\u0131\u011f\u0131m\u0131z hesaplamaya g\u00f6re gen\u00e7lerde geni\u015f tan\u0131ml\u0131 i\u015fsizlik y\u00fczde 36,6 d\u00fczeyinde ger\u00e7ekle\u015fti. Gen\u00e7 kad\u0131nlarda i\u015fsizlik oran\u0131 ise y\u00fczde 48\u2019i a\u015ft\u0131.<\/p>\n<figure id=\"attachment_9443\" aria-describedby=\"caption-attachment-9443\" style=\"width: 723px\" class=\"wp-caption aligncenter\"><a href=\"http:\/\/arastirma.disk.org.tr\/wp-content\/uploads\/2022\/11\/Temmuz-Eylul-2022-Issizlik-ve-Istihdamin-Gorunumu-2022-3.-Ceyrek.pdf\"><img fetchpriority=\"high\" decoding=\"async\" class=\"wp-image-9443 size-large\" src=\"http:\/\/arastirma.disk.org.tr\/wp-content\/uploads\/2022\/11\/issizlik-kapak-2022-3-723x1024.png\" alt=\"\" width=\"723\" height=\"1024\" srcset=\"https:\/\/arastirma.disk.org.tr\/wp-content\/uploads\/2022\/11\/issizlik-kapak-2022-3-723x1024.png 723w, https:\/\/arastirma.disk.org.tr\/wp-content\/uploads\/2022\/11\/issizlik-kapak-2022-3-212x300.png 212w, https:\/\/arastirma.disk.org.tr\/wp-content\/uploads\/2022\/11\/issizlik-kapak-2022-3-768x1087.png 768w, https:\/\/arastirma.disk.org.tr\/wp-content\/uploads\/2022\/11\/issizlik-kapak-2022-3-1085x1536.png 1085w, https:\/\/arastirma.disk.org.tr\/wp-content\/uploads\/2022\/11\/issizlik-kapak-2022-3.png 1239w\" sizes=\"(max-width: 723px) 100vw, 723px\" \/><\/a><figcaption id=\"caption-attachment-9443\" class=\"wp-caption-text\"><em>Rapora eri\u015fmek i\u00e7in t\u0131klay\u0131n\u0131z.<\/em><\/figcaption><\/figure>\n<p>&nbsp;<\/p>\n","protected":false},"excerpt":{"rendered":"<p>D\u0130SK-AR \u0130\u015fsizlik ve \u0130stihdam\u0131n G\u00f6r\u00fcn\u00fcm\u00fc (2022 3. \u00c7eyrek) Raporu Yay\u0131mland\u0131! Kay\u0131tl\u0131 tam zamanl\u0131 istihdam (KAT\u0130) sadece 21,8 milyon! \u00c7al\u0131\u015fma \u00e7a\u011f\u0131ndaki 64,7 milyon ki\u015finin sadece 21,8&#8230;<\/p>\n","protected":false},"author":3,"featured_media":1855,"comment_status":"closed","ping_status":"closed","sticky":false,"template":"template-c-s2-post.php","format":"standard","meta":{"footnotes":""},"categories":[3,6,11,278],"tags":[258,10,402,328],"class_list":["post-9439","post","type-post","status-publish","format-standard","has-post-thumbnail","hentry","category-arastirma","category-guncel","category-issizlik","category-manset","tag-genc-issizligi","tag-issizlik","tag-issizlik-ve-istihdamin-gorunumu-2022-3-ceyrek","tag-kati","wpcat-3-id","wpcat-6-id","wpcat-11-id","wpcat-278-id"],"_links":{"self":[{"href":"https:\/\/arastirma.disk.org.tr\/index.php?rest_route=\/wp\/v2\/posts\/9439","targetHints":{"allow":["GET"]}}],"collection":[{"href":"https:\/\/arastirma.disk.org.tr\/index.php?rest_route=\/wp\/v2\/posts"}],"about":[{"href":"https:\/\/arastirma.disk.org.tr\/index.php?rest_route=\/wp\/v2\/types\/post"}],"author":[{"embeddable":true,"href":"https:\/\/arastirma.disk.org.tr\/index.php?rest_route=\/wp\/v2\/users\/3"}],"replies":[{"embeddable":true,"href":"https:\/\/arastirma.disk.org.tr\/index.php?rest_route=%2Fwp%2Fv2%2Fcomments&post=9439"}],"version-history":[{"count":3,"href":"https:\/\/arastirma.disk.org.tr\/index.php?rest_route=\/wp\/v2\/posts\/9439\/revisions"}],"predecessor-version":[{"id":9444,"href":"https:\/\/arastirma.disk.org.tr\/index.php?rest_route=\/wp\/v2\/posts\/9439\/revisions\/9444"}],"wp:featuredmedia":[{"embeddable":true,"href":"https:\/\/arastirma.disk.org.tr\/index.php?rest_route=\/wp\/v2\/media\/1855"}],"wp:attachment":[{"href":"https:\/\/arastirma.disk.org.tr\/index.php?rest_route=%2Fwp%2Fv2%2Fmedia&parent=9439"}],"wp:term":[{"taxonomy":"category","embeddable":true,"href":"https:\/\/arastirma.disk.org.tr\/index.php?rest_route=%2Fwp%2Fv2%2Fcategories&post=9439"},{"taxonomy":"post_tag","embeddable":true,"href":"https:\/\/arastirma.disk.org.tr\/index.php?rest_route=%2Fwp%2Fv2%2Ftags&post=9439"}],"curies":[{"name":"wp","href":"https:\/\/api.w.org\/{rel}","templated":true}]}}