{"id":9502,"date":"2022-12-05T12:52:23","date_gmt":"2022-12-05T09:52:23","guid":{"rendered":"https:\/\/arastirma.disk.org.tr\/?p=9502"},"modified":"2024-04-19T11:37:55","modified_gmt":"2024-04-19T08:37:55","slug":"disk-ar-asgari-ucret-gercegi-2023-arastirmasi-yayimlandi","status":"publish","type":"post","link":"https:\/\/arastirma.disk.org.tr\/?p=9502","title":{"rendered":"D\u0130SK-AR Asgari \u00dccret Ger\u00e7e\u011fi 2023 Ara\u015ft\u0131rmas\u0131 yay\u0131mland\u0131!"},"content":{"rendered":"<h3 style=\"text-align: center;\">Asgari de\u011fil insanca ya\u015fam,<br \/>\nAsgari \u00fccret de\u011fil toplu s\u00f6zle\u015fme!<\/h3>\n<p style=\"text-align: center;\"><strong>D\u0130SK-AR Asgari \u00dccret Ger\u00e7e\u011fi 2023 Ara\u015ft\u0131rmas\u0131 yay\u0131mland\u0131!<\/strong><\/p>\n<p style=\"font-weight: 400;\">2023 asgari \u00fccret tart\u0131\u015fmalar\u0131 2021 sonunda ba\u015flayan ve 2022\u2019de artan 2000\u2019li y\u0131llar\u0131n en \u015fiddetli hayat pahal\u0131l\u0131\u011f\u0131 ko\u015fullar\u0131nda yap\u0131l\u0131yor. 2020 ve 2021 y\u0131llar\u0131nda ya\u015fanan Covid-19 salg\u0131n\u0131n\u0131n g\u00fc\u00e7le\u015ftirdi\u011fi ge\u00e7im ko\u015fullar\u0131 2022\u2019nin y\u00fcksek enflasyonu ile dayan\u0131lmaz hale geldi.<\/p>\n<p><a href=\"http:\/\/arastirma.disk.org.tr\/wp-content\/uploads\/2022\/12\/DiSK-AR-2023-Asgari-Ucret-Rapor-FINAL-Rev-1.pdf\">D\u0130SK-AR Asgari \u00dccret Raporuna eri\u015fmek i\u00e7in t\u0131klay\u0131n\u0131z.<\/a><\/p>\n<p style=\"font-weight: 400;\">T\u00fcrkiye\u2019de asgari \u00fccret civar\u0131nda \u00e7al\u0131\u015fanlar\u0131n oran\u0131n\u0131n olduk\u00e7a y\u00fcksek olmas\u0131 asgari \u00fccretin s\u0131n\u0131rl\u0131 bir \u00e7al\u0131\u015fan kesimini de\u011fil \u00e7al\u0131\u015fanlar\u0131n ezici \u00e7o\u011funlu\u011funu ilgilendirmesi anlam\u0131na geliyor. Dolay\u0131s\u0131yla \u00fclkemizde bir s\u00fcredir kelimenin dar anlam\u0131yla asgari \u00fccret de\u011fil <strong>ortalama \u00fccret<\/strong> konu\u015fuluyor. Bu ko\u015fullar alt\u0131nda asgari \u00fccretin insanca ya\u015fanacak bir \u00fccret olarak saptanmas\u0131 ya\u015famsal \u00f6nem ta\u015f\u0131yor.<\/p>\n<p style=\"font-weight: 400;\">Sendikala\u015fman\u0131n ve toplu i\u015f s\u00f6zle\u015fmesi kapsam\u0131n\u0131n s\u0131n\u0131rl\u0131l\u0131\u011f\u0131 ile di\u011fer emek gelirlerinin asgari \u00fccretten daha az art\u0131r\u0131lmas\u0131 t\u00fcm \u00fccretleri ve emek gelirlerini asgari \u00fccrete yakla\u015ft\u0131r\u0131yor. Hem asgari \u00fccretteki art\u0131\u015f oranlar\u0131n\u0131n di\u011fer emek gelirlerine yans\u0131mamas\u0131 hem de \u00f6zel sekt\u00f6rde hem kamuda maa\u015f ile \u00fccret art\u0131\u015flar\u0131n\u0131n en fazla resmi enflasyon oran\u0131nda art\u0131r\u0131lmas\u0131 asgari \u00fccreti ortalama \u00fccret haline getiriyor. T\u00fcrkiye asgari \u00fccretliler \u00fclkesine d\u00f6n\u00fc\u015fmeye devam ederken asgari \u00fccret pahal\u0131l\u0131klar ve zamlar kar\u015f\u0131s\u0131nda iyice yetersiz kal\u0131yor.<\/p>\n<p style=\"font-weight: 400;\">Bilindi\u011fi gibi D\u0130SK, asgari \u00fccretin belirlenmesi s\u00fcrecinde masada yer alm\u0131yor ancak asgari \u00fccret tespit s\u00fcrecinde \u00e7e\u015fitli \u00e7al\u0131\u015fmalar y\u00fcr\u00fct\u00fcyor ve her y\u0131l asgari \u00fccretlilerin insan onuruna yak\u0131\u015f\u0131r bir ya\u015fam s\u00fcrd\u00fcrmesi i\u00e7in taleplerini a\u00e7\u0131kl\u0131yor.<\/p>\n<p style=\"font-weight: 400;\">D\u0130SK Ara\u015ft\u0131rma Merkezi (D\u0130SK-AR) uzun y\u0131llardan beri asgari \u00fccrete ili\u015fkin bilimsel raporlar haz\u0131rl\u0131yor ve D\u0130SK\u2019in asgari \u00fccret taleplerinin bilimsel temellerini ortaya koyuyor. D\u0130SK-AR\u2019\u0131n asgari \u00fccret ara\u015ft\u0131rmalar\u0131 \u00fclkemizde asgari \u00fccretin emek\u00e7iler a\u00e7\u0131s\u0131ndan kapsaml\u0131 bir incelemesini sunmaya \u00e7al\u0131\u015f\u0131yor.<\/p>\n<p>Rapordan \u00f6zet bugular \u015f\u00f6yle:<\/p>\n<ul>\n<li><b>T\u00fcrkiye asgari \u00fccretliler \u00fclkesi haline geliyor!\u00a0<\/b><\/li>\n<\/ul>\n<p style=\"font-weight: 400;\">Gerek resmi veriler gerekse ba\u011f\u0131ms\u0131z ara\u015ft\u0131rmalar T\u00fcrkiye\u2019de asgari \u00fccretle \u00e7al\u0131\u015fanlar\u0131n kapsam\u0131n\u0131n olduk\u00e7a y\u00fcksek oldu\u011funu g\u00f6steriyor. <strong>Merkez Bankas\u0131 ve D\u0130SK-AR verileri asgari \u00fccret civar\u0131nda bir \u00fccretle \u00e7al\u0131\u015fanlar\u0131n oran\u0131n\u0131n y\u00fczde 50\u2019lerde oldu\u011funu g\u00f6steriyor.<\/strong> Milyonlarca i\u015f\u00e7i asgari ge\u00e7im i\u00e7in yetersiz olan asgari \u00fccretle ge\u00e7inmeye \u00e7al\u0131\u015f\u0131rken, i\u015f\u00e7ilerin bir b\u00f6l\u00fcm\u00fc de yasal asgari \u00fccrete dahi eri\u015femiyor.<\/p>\n<ul>\n<li><b>Toplu pazarl\u0131k oran\u0131 d\u00fc\u015f\u00fck, asgari \u00fccretli oran\u0131 y\u00fcksek! \u00a0<\/b><\/li>\n<\/ul>\n<p style=\"font-weight: 400;\">AB \u00fclkelerinde ortalama toplu pazarl\u0131k kapsama oran\u0131 y\u00fczde 60\u2019lar\u0131n, OECD \u00fclkelerinde y\u00fczde 30\u2019lar\u0131n \u00fczerinde iken ILO\u2019ya g\u00f6re T\u00fcrkiye\u2019de genel olarak y\u00fczde 7,5, \u00f6zel sekt\u00f6rde ise y\u00fczde 6\u2019n\u0131n alt\u0131ndad\u0131r. <strong>Bu durum T\u00fcrkiye\u2019de asgari \u00fccret civar\u0131nda \u00e7al\u0131\u015fanlar\u0131n oran\u0131n\u0131 art\u0131r\u0131rken AB \u00fclkelerinde asgari \u00fccretler \u00e7al\u0131\u015fanlar\u0131n kapsam\u0131n\u0131 d\u00fc\u015f\u00fcr\u00fcyor. Asgari \u00fccret kapsam\u0131n\u0131n d\u00fc\u015f\u00fcr\u00fclmesinin yolu, \u00f6rg\u00fctlenmenin \u00f6n\u00fcndeki engellerin kald\u0131r\u0131larak toplu pazarl\u0131k kapsam\u0131n\u0131n geni\u015fletilmesidir. <\/strong><\/p>\n<ul>\n<li><b>Asgari \u00fccret ile di\u011fer emek gelirleri aras\u0131ndaki makas kapan\u0131yor, asgari \u00fccret ortalama \u00fccrete yakla\u015f\u0131yor<\/b><\/li>\n<\/ul>\n<p style=\"font-weight: 400;\"><strong>Asgari \u00fccretteki art\u0131\u015f oran\u0131n\u0131n di\u011fer emek gelirlerine yans\u0131mamas\u0131, d\u00fc\u015f\u00fck toplu i\u015f s\u00f6zle\u015fmesi kapsama ve sendikala\u015fma oranlar\u0131, \u00fccreti ortalama \u00fccret haline getiriyor.<\/strong> T\u00fcrkiye\u2019de di\u011fer emek gelirleri art\u0131\u015f\u0131n\u0131n s\u0131n\u0131rl\u0131 kalmas\u0131 sonucunda asgari \u00fccret ile di\u011fer \u00fccretler aras\u0131ndaki makas kapan\u0131yor ve asgari \u00fccret civar\u0131 \u00fccretle \u00e7al\u0131\u015fanlar\u0131n oran\u0131 art\u0131yor. <strong>Giderek artan bir bi\u00e7imde daha \u00e7ok emek\u00e7i asgari \u00fccrete yak\u0131n \u00fccretlerle \u00e7al\u0131\u015f\u0131r hale geliyor. T\u00fcrkiye h\u0131zla asgari \u00fccretliler \u00fclkesine d\u00f6n\u00fc\u015f\u00fcyor.<\/strong><\/p>\n<p style=\"font-weight: 400;\"><strong>\u00dccretler asgari \u00fccret d\u00fczeyine geriliyor<\/strong>. 2005 y\u0131l\u0131nda ayl\u0131k ortalama \u00fccret ve maa\u015f geliri asgari \u00fccretin 2,2 kat\u0131 iken, 2020\u2019de asgari \u00fccretin 1,7 kat\u0131na geriledi. \u0130\u015fg\u00fcc\u00fc maliyeti ara\u015ft\u0131rmalar\u0131na g\u00f6re ise asgari \u00fccretin ortalama i\u015fg\u00fcc\u00fc kazanc\u0131na oran\u0131 2012\u2019de y\u00fczde 44 iken 2020\u2019de y\u00fczde 73\u2019e y\u00fckseldi.<\/p>\n<ul>\n<li><b>Asgari \u00fccretin ki\u015fi ba\u015f\u0131na GSYH&#8217;ye oran\u0131 d\u00fc\u015f\u00fcyor\u00a0<\/b><\/li>\n<\/ul>\n<p style=\"font-weight: 400;\"><strong>1974\u2019te ki\u015fi ba\u015f\u0131na GSYH\u2019nin y\u00fczde 80,6\u2019s\u0131 d\u00fczeyinde olan asgari \u00fccret, 2022 y\u0131l\u0131nda GSYH\u2019nin y\u00fczde 43,7\u2019ye geriledi.<\/strong> 2016\u2019da asgari \u00fccretin ki\u015fi ba\u015f\u0131na GSYH\u2019ye oran\u0131 y\u00fczde 59,7 iken 2022\u2019de y\u00fczde 43,7\u2019ye geriledi. <strong>Asgari \u00fccret ki\u015fi ba\u015f\u0131na gelire paralel olarak artsayd\u0131 br\u00fct asgari \u00fccretin 2022\u2019de ortalama 5 bin 738 TL de\u011fil, 10 bin TL\u2019nin \u00fczerinde olmas\u0131 gerekirdi. <\/strong><\/p>\n<ul>\n<li><b>\u00c7al\u0131\u015fanlar\u0131n yar\u0131s\u0131\u00a0asgari \u00fccret civar\u0131 ve alt\u0131nda \u00fccret al\u0131yor<\/b><\/li>\n<\/ul>\n<p style=\"font-weight: 400;\"><strong>2021 y\u0131l\u0131 itibar\u0131yla asgari \u00fccretin y\u00fczde 10 fazlas\u0131 ve alt\u0131nda \u00fccret alan i\u015f\u00e7ilerin oran\u0131 y\u00fczde 48,7\u2019dir<\/strong><strong>. <\/strong>Bu oran \u00f6zel sekt\u00f6rde, kad\u0131nlarda ve kay\u0131td\u0131\u015f\u0131 \u00e7al\u0131\u015fanlarda daha da y\u00fckselmektedir.<\/p>\n<ul>\n<li><b>\u00d6zel sekt\u00f6r i\u015f\u00e7ilerinin y\u00fczde 65&#8217;i\u00a0asgari \u00fccretli<\/b><\/li>\n<\/ul>\n<p><strong>\u00d6zel sekt\u00f6r i\u015f\u00e7ilerinin y\u00fczde 21,7\u2019si asgari \u00fccrete eri\u015femiyor.<\/strong> \u00d6zel sekt\u00f6rde asgari \u00fccret ve alt\u0131nda \u00fccretle \u00e7al\u0131\u015fanlar\u0131n oran\u0131 y\u00fczde 50,4 ve asgari \u00fccret civar\u0131nda \u00e7al\u0131\u015fanlar\u0131n oran\u0131 (y\u00fczde 10 kom\u015fulu\u011funda) y\u00fczde 64,7\u2019dir.<\/p>\n<ul>\n<li><b>Kay\u0131td\u0131\u015f\u0131 \u00e7al\u0131\u015fanlar\u0131n d\u00f6rtte \u00fc\u00e7\u00fc asgari \u00fccrete eri\u015femiyor\u00a0<\/b><\/li>\n<\/ul>\n<p style=\"font-weight: 400;\">Kay\u0131td\u0131\u015f\u0131 \u00e7al\u0131\u015fanlarda asgari \u00fccret ve alt\u0131nda \u00fccret alanlar\u0131n oran\u0131 (y\u00fczde 5 kom\u015fulu\u011fu) y\u00fczde 84,7\u2019dir. <strong>Kay\u0131td\u0131\u015f\u0131 \u00e7al\u0131\u015fanlar\u0131n y\u00fczde 23\u2019\u00fc 1.500 TL\u2019nin alt\u0131nda bir gelir elde etmektedir.<\/strong><\/p>\n<ul>\n<li><strong>Kad\u0131nlar\u0131n y\u00fczde 60&#8217;\u0131 asgari \u00fccretle \u00e7al\u0131\u015f\u0131yor<\/strong><\/li>\n<\/ul>\n<p><strong>Kad\u0131nlar\u0131n \u00e7ok b\u00fcy\u00fck bir b\u00f6l\u00fcm\u00fc asgari \u00fccret ve daha alt\u0131nda \u00fccretlerle \u00e7al\u0131\u015fmaktad\u0131r.<\/strong> Asgari \u00fccretin y\u00fczde 10 fazlas\u0131 ve alt\u0131nda \u00fccret alanlar\u0131n oran\u0131 genelde y\u00fczde 48,7 iken kad\u0131nlarda y\u00fczde 55,6\u2019ya y\u00fckselmektedir.<\/p>\n<ul>\n<li><strong>T\u00fcrkiye Avrupa&#8217;da asgari \u00fccretin en d\u00fc\u015f\u00fck\u00a0oldu\u011fu \u00fclkeler aras\u0131nda\u00a0<\/strong><\/li>\n<\/ul>\n<p style=\"font-weight: 400;\">2012\u2019de Avrupa\u2019da T\u00fcrkiye\u2019den d\u00fc\u015f\u00fck asgari \u00fccrete sahip 12 \u00fclke varken, 2022\u2019de bu say\u0131 2\u2019ye d\u00fc\u015ft\u00fc. <strong>T\u00fcrkiye\u2019den daha d\u00fc\u015f\u00fck asgari \u00fccrete sahip iki \u00fclke Bulgaristan ve Arnavutluk\u2019tur.<\/strong><\/p>\n<ul>\n<li><b>Dolar cinsinden asgari \u00fccret en d\u00fc\u015f\u00fck seviyesinde<\/b><\/li>\n<\/ul>\n<p style=\"font-weight: 400;\">2008\u2019de y\u0131ll\u0131k 371 ABD dolar\u0131 olan asgari \u00fccret 2016\u2019da 430 dolara y\u00fckseldi. Sonra ekonomik ve siyasal istikrars\u0131zl\u0131\u011fa ba\u011fl\u0131 olarak asgari \u00fccret dolar cinsinden gerilemeye ba\u015flad\u0131. <strong>Asgari \u00fccret TL\u2019nin de\u011fer kayb\u0131n\u0131n h\u0131zlanmas\u0131yla 2022 y\u0131l\u0131 ortalamas\u0131 olarak 298 ABD dolar\u0131na kadar geriledi.<\/strong><\/p>\n<ul>\n<li><b>Asgari \u00fccret 25 Cumhuriyet alt\u0131n\u0131ndan 9 alt\u0131na geriledi\u00a0<\/b><\/li>\n<\/ul>\n<p style=\"font-weight: 400;\">Merkez Bankas\u0131\u2019n\u0131n y\u0131ll\u0131k ortalama Cumhuriyet alt\u0131n\u0131 fiyatlar\u0131na g\u00f6re <strong>2003 y\u0131l\u0131nda asgari \u00fccretin y\u0131ll\u0131k tutar\u0131 ile 25 alt\u0131n al\u0131nabilirken 2022\u2019de y\u0131ll\u0131k net asgari \u00fccretle sadece 9 Cumhuriyet alt\u0131n\u0131 al\u0131nabilmektedir.<\/strong><\/p>\n<p><strong>D\u00dcZELTME:<\/strong> Ara\u015ft\u0131rma raporunun 29. sayfas\u0131ndaki tablo 7&#8217;de yer alan hatal\u0131 hesaplama d\u00fczeltilmi\u015f ve metne i\u015flenmi\u015ftir.<\/p>\n<figure id=\"attachment_9505\" aria-describedby=\"caption-attachment-9505\" style=\"width: 724px\" class=\"wp-caption aligncenter\"><a href=\"http:\/\/arastirma.disk.org.tr\/wp-content\/uploads\/2022\/12\/DiSK-AR-2023-Asgari-Ucret-Rapor-FINAL-Rev-1.pdf\"><img fetchpriority=\"high\" decoding=\"async\" class=\"wp-image-9505 size-large\" src=\"http:\/\/arastirma.disk.org.tr\/wp-content\/uploads\/2022\/12\/asgari-diskar-2022-aralik-724x1024.jpg\" alt=\"\" width=\"724\" height=\"1024\" srcset=\"https:\/\/arastirma.disk.org.tr\/wp-content\/uploads\/2022\/12\/asgari-diskar-2022-aralik-724x1024.jpg 724w, https:\/\/arastirma.disk.org.tr\/wp-content\/uploads\/2022\/12\/asgari-diskar-2022-aralik-212x300.jpg 212w, https:\/\/arastirma.disk.org.tr\/wp-content\/uploads\/2022\/12\/asgari-diskar-2022-aralik-768x1086.jpg 768w, https:\/\/arastirma.disk.org.tr\/wp-content\/uploads\/2022\/12\/asgari-diskar-2022-aralik-1087x1536.jpg 1087w, https:\/\/arastirma.disk.org.tr\/wp-content\/uploads\/2022\/12\/asgari-diskar-2022-aralik.jpg 1240w\" sizes=\"(max-width: 724px) 100vw, 724px\" \/><\/a><figcaption id=\"caption-attachment-9505\" class=\"wp-caption-text\"><em>Rapora eri\u015fmek i\u00e7in kapa\u011fa t\u0131klay\u0131n\u0131z.<\/em><\/figcaption><\/figure>\n","protected":false},"excerpt":{"rendered":"<p>Asgari de\u011fil insanca ya\u015fam, Asgari \u00fccret de\u011fil toplu s\u00f6zle\u015fme! D\u0130SK-AR Asgari \u00dccret Ger\u00e7e\u011fi 2023 Ara\u015ft\u0131rmas\u0131 yay\u0131mland\u0131! 2023 asgari \u00fccret tart\u0131\u015fmalar\u0131 2021 sonunda ba\u015flayan ve 2022\u2019de&#8230;<\/p>\n","protected":false},"author":3,"featured_media":9504,"comment_status":"closed","ping_status":"closed","sticky":false,"template":"template-c-s2-post.php","format":"standard","meta":{"footnotes":""},"categories":[3,17,6,278],"tags":[30,405],"class_list":["post-9502","post","type-post","status-publish","format-standard","has-post-thumbnail","hentry","category-arastirma","category-asgari-ucret-raporu","category-guncel","category-manset","tag-asgari-ucret","tag-asgari-ucret-gercegi-2023-arastirmasi","wpcat-3-id","wpcat-17-id","wpcat-6-id","wpcat-278-id"],"_links":{"self":[{"href":"https:\/\/arastirma.disk.org.tr\/index.php?rest_route=\/wp\/v2\/posts\/9502","targetHints":{"allow":["GET"]}}],"collection":[{"href":"https:\/\/arastirma.disk.org.tr\/index.php?rest_route=\/wp\/v2\/posts"}],"about":[{"href":"https:\/\/arastirma.disk.org.tr\/index.php?rest_route=\/wp\/v2\/types\/post"}],"author":[{"embeddable":true,"href":"https:\/\/arastirma.disk.org.tr\/index.php?rest_route=\/wp\/v2\/users\/3"}],"replies":[{"embeddable":true,"href":"https:\/\/arastirma.disk.org.tr\/index.php?rest_route=%2Fwp%2Fv2%2Fcomments&post=9502"}],"version-history":[{"count":8,"href":"https:\/\/arastirma.disk.org.tr\/index.php?rest_route=\/wp\/v2\/posts\/9502\/revisions"}],"predecessor-version":[{"id":9633,"href":"https:\/\/arastirma.disk.org.tr\/index.php?rest_route=\/wp\/v2\/posts\/9502\/revisions\/9633"}],"wp:featuredmedia":[{"embeddable":true,"href":"https:\/\/arastirma.disk.org.tr\/index.php?rest_route=\/wp\/v2\/media\/9504"}],"wp:attachment":[{"href":"https:\/\/arastirma.disk.org.tr\/index.php?rest_route=%2Fwp%2Fv2%2Fmedia&parent=9502"}],"wp:term":[{"taxonomy":"category","embeddable":true,"href":"https:\/\/arastirma.disk.org.tr\/index.php?rest_route=%2Fwp%2Fv2%2Fcategories&post=9502"},{"taxonomy":"post_tag","embeddable":true,"href":"https:\/\/arastirma.disk.org.tr\/index.php?rest_route=%2Fwp%2Fv2%2Ftags&post=9502"}],"curies":[{"name":"wp","href":"https:\/\/api.w.org\/{rel}","templated":true}]}}