{"id":9719,"date":"2023-01-25T10:26:31","date_gmt":"2023-01-25T07:26:31","guid":{"rendered":"https:\/\/arastirma.disk.org.tr\/?p=9719"},"modified":"2024-04-19T11:37:37","modified_gmt":"2024-04-19T08:37:37","slug":"calisma-ve-toplum-dergisinin-76-sayisi-yayimlandi","status":"publish","type":"post","link":"https:\/\/arastirma.disk.org.tr\/?p=9719","title":{"rendered":"\u00c7al\u0131\u015fma ve Toplum Dergisi&#8217;nin 76. say\u0131s\u0131 yay\u0131mland\u0131!"},"content":{"rendered":"<p>D\u0130SK \u00fcyesi Birle\u015fik Metal-\u0130\u015f taraf\u0131ndan \u00e7\u0131kar\u0131lan \u00fc\u00e7 ayl\u0131k bilimsel hakemli dergi\u00a0<em><strong>\u00c7al\u0131\u015fma ve Toplum<\/strong><\/em>\u2018un 76. say\u0131s\u0131 yay\u0131mlad\u0131. Yay\u0131n y\u00f6netmenli\u011fini Av. Dr. Murat \u00d6zveri\u2019nin y\u00fcr\u00fctt\u00fc\u011f\u00fc\u00a0<em><strong>\u00c7al\u0131\u015fma ve Toplum<\/strong><\/em> 2004 y\u0131l\u0131ndan bu yana d\u00fczenli olarak yay\u0131mlan\u0131yor.<\/p>\n<p>\u00c7al\u0131\u015fma ve Toplum&#8217;un 76. say\u0131s\u0131 21 Nisan 2022&#8217;de kaybetti\u011fimiz Prof. Dr. Pir Ali Kaya&#8217;n\u0131n an\u0131s\u0131na ithaf makaleleri ve an\u0131 yaz\u0131lar\u0131ndan olu\u015fuyor.<\/p>\n<p>Derginin t\u00fcm say\u0131lar\u0131na elektronik ortamda ula\u015f\u0131labiliyor.\u00a0Dergiye eri\u015fmek i\u00e7in g\u00f6rseli t\u0131klay\u0131n\u0131z.<\/p>\n<p><a href=\"https:\/\/www.calismatoplum.org\"><img fetchpriority=\"high\" decoding=\"async\" class=\"wp-image-9724 size-full aligncenter\" src=\"http:\/\/arastirma.disk.org.tr\/wp-content\/uploads\/2023\/01\/Ekran-Resmi-2023-01-25-09.44.52.png\" alt=\"\" width=\"209\" height=\"301\" \/><\/a><\/p>\n<p><strong>\u00c7al\u0131\u015fma ve Toplum Dergisi<\/strong>\u2018nin <strong>76. say\u0131s\u0131nda<\/strong> a\u015fa\u011f\u0131daki an\u0131 yaz\u0131lar\u0131 ve ithaf makaleleri yer al\u0131yor:<\/p>\n<ul>\n<li><a href=\"https:\/\/www.calismatoplum.org\/makale\/sunus-14\">Sunu\u015f<\/a><\/li>\n<\/ul>\n<p><strong>\u00a0 \u00a0 \u00a0 \u00a0 \u00a0 Murat \u00d6ZVER\u0130<\/strong><\/p>\n<ul>\n<li><a href=\"https:\/\/www.calismatoplum.org\/makale\/prof-dr-pir-ali-kaya-anisina-sunus\">Prof.Dr. Pir Ali KAYA An\u0131s\u0131na Sunu\u015f<\/a><\/li>\n<\/ul>\n<p><strong>\u00a0 \u00a0 \u00a0 \u00a0 \u00a0 Ceyhun G\u00dcLER, Aziz \u00c7EL\u0130K<\/strong><\/p>\n<ul>\n<li><a href=\"https:\/\/www.calismatoplum.org\/makale\/prof-dr-pir-ali-kaya-1965-2022-ozgecmisi-ve-eserleri\">Prof. Dr. Pir Ali KAYA (1965-2022) \u00d6zge\u00e7mi\u015fi ve Eserleri<\/a><\/li>\n<\/ul>\n<p><strong>\u00a0 \u00a0 \u00a0 \u00a0 \u00a0 Edit\u00f6r<\/strong><\/p>\n<ul>\n<li><a href=\"https:\/\/www.calismatoplum.org\/makale\/erken-giden-bir-dostun-ardindan-oldugunden-haberi-yok-fotograflarinin\">Erken Giden Bir Dostun Ard\u0131ndan: &#8220;\u00d6ld\u00fc\u011f\u00fcnden Haberi Yok Foto\u011fraflar\u0131n\u0131n&#8221;<\/a><\/li>\n<\/ul>\n<p><strong>\u00a0 \u00a0 \u00a0 \u00a0 \u00a0 \u00a0Aziz \u00c7EL\u0130K<\/strong><\/p>\n<ul>\n<li><a href=\"https:\/\/www.calismatoplum.org\/makale\/keyifli-veiz-birakan-bir-yolculuk-oldu\">Keyifli ve \u0130z B\u0131rakan Bir Yolculuk Oldu&#8230;<\/a><\/li>\n<\/ul>\n<p><strong>\u00a0 \u00a0 \u00a0 \u00a0 \u00a0 \u00a0Memet Zincirk\u0131ran<\/strong><\/p>\n<ul>\n<li><a href=\"https:\/\/www.calismatoplum.org\/makale\/pir-ali-hocanin-ardindan\">Pir Ali Hoca&#8217;n\u0131n Ard\u0131ndan<\/a><\/li>\n<\/ul>\n<p><strong>\u00a0 \u00a0 \u00a0 \u00a0 \u00a0 \u015eenol BA\u015eT\u00dcRK<\/strong><\/p>\n<ul>\n<li><a href=\"https:\/\/www.calismatoplum.org\/makale\/ogrencileri-icin-yollariyurunur-kilan-prof-dr-pir-ali-kayanin-anisina\">\u00d6\u011frencileri \u0130\u00e7in Yollar\u0131 Y\u00fcr\u00fcn\u00fcr K\u0131lan Prof. Dr. Pir Ali Kaya&#8217;n\u0131n An\u0131s\u0131na<\/a><\/li>\n<\/ul>\n<p><strong>\u00a0 \u00a0 \u00a0 \u00a0 \u00a0 Ceyhun G\u00dcLER<\/strong><\/p>\n<ul>\n<li><a href=\"https:\/\/www.calismatoplum.org\/makale\/hocam-prof-dr-pir-ali-kayaya\">Hocam Prof. Dr. Pir Ali Kaya&#8217;ya&#8230;<\/a><\/li>\n<\/ul>\n<p><strong>\u00a0 \u00a0 \u00a0 \u00a0 \u00a0 Fatih G\u00dcLTEK\u0130N<\/strong><\/p>\n<ul>\n<li><a href=\"https:\/\/www.calismatoplum.org\/makale\/merhum-hocam-pir-ali-kayanin-anisina\">Merhum Hocam Pir Ali Kaya&#8217;n\u0131n An\u0131s\u0131na<\/a><\/li>\n<\/ul>\n<p><strong>\u00a0 \u00a0 \u00a0 \u00a0 \u00a0 Z. Mavi\u015f YILDIRIM<\/strong><\/p>\n<ul>\n<li><a href=\"https:\/\/www.calismatoplum.org\/makale\/covid-19-salginive-gencler-salginin-genclerinistihdami-egitimi-sagligiuzerine-etkileri-ve-gencleri-korumaya-yonelik-duzenlemeler\">Covid-19 Salg\u0131n\u0131 ve Gen\u00e7ler: Salg\u0131n\u0131n Gen\u00e7lerin \u0130stihdam\u0131, E\u011fitimi, Sa\u011fl\u0131\u011f\u0131 \u00dczerindeki Etkileri ve Gen\u00e7leri Korumaya Y\u00f6nelik D\u00fczenlemeler<\/a><\/li>\n<\/ul>\n<p><strong>\u00a0 \u00a0 \u00a0 \u00a0 \u00a0 Aysen TOKOL, Burak Faik EM\u0130RL\u0130G\u0130L<\/strong><\/p>\n<ul>\n<li><a href=\"https:\/\/www.calismatoplum.org\/makale\/klasik-ve-modern-siyaset-felsefesi\">Klasik ve Modern Siyaset Felsefesi<\/a><\/li>\n<\/ul>\n<p><strong>\u00a0 \u00a0 \u00a0 \u00a0 \u00a0 Derda K\u00dc\u00c7\u00dcKALP<\/strong><\/p>\n<ul>\n<li><a href=\"https:\/\/www.calismatoplum.org\/makale\/sendikalarin-toplu-pazarlik-yetkisi-ve-kamu-toplu-issozlesmelericerceve-anlasma-protokolunun-hukuki-boyutu\">Sendikalar\u0131n Toplu Pazarl\u0131k Yetkisi ve Kamu Toplu \u0130\u015f S\u00f6zle\u015fmeleri \u00c7er\u00e7eve Anla\u015fma Protokol\u00fc&#8217;n\u00fcn Hukuki Boyutu<\/a><\/li>\n<\/ul>\n<p><strong>\u00a0 \u00a0 \u00a0 \u00a0 \u00a0 Say\u0131m YORGUN\u00a0<\/strong><\/p>\n<ul>\n<li><a href=\"https:\/\/www.calismatoplum.org\/makale\/turkiyede-aile-hekimligi-modeline-gecissureci-ve-sosyal-guvenlik-kurumunun-aile-hekimlerinin-sosyal-sigortalilik-statulerineiliskin-uygulamasihakkinda-bir-degerlendirme1\">T\u00fcrkiye&#8217;de Aile Hekimli\u011fi Modeline Ge\u00e7i\u015f S\u00fcreci ve Sosyal G\u00fcvenlik Kurumu&#8217;nun Aile Hekimlerinin Sosyal Sigortal\u0131l\u0131k Stat\u00fclerine \u0130li\u015fkin Uygulamas\u0131 Hakk\u0131nda Bir De\u011ferlendirme<\/a><\/li>\n<\/ul>\n<p><strong>\u00a0 \u00a0 \u00a0 \u00a0 \u00a0 Emre YAYIN, Yusuf ALPER<\/strong><\/p>\n<ul>\n<li><a href=\"https:\/\/www.calismatoplum.org\/makale\/turkiye-ekonomisinde-ucret-ve-maaslar-19702021\">T\u00fcrkiye Ekonomisinde \u00dccret ve Maa\u015flar: 1970-2021<\/a><\/li>\n<\/ul>\n<p><strong>\u00a0 \u00a0 \u00a0 \u00a0 \u00a0 \u00a0Ahmet YILMAZ, Togan KARATA\u015e<\/strong><\/p>\n<ul>\n<li><a href=\"https:\/\/www.calismatoplum.org\/makale\/turkiyede-calisan-olarak-vasifsizlik-meslek-hastaligibaglamindaisisyeri-ve-toplumsal-yasama-ait-kavrayislar\">T\u00fcrkiye&#8217;de \u00c7al\u0131\u015fan Olarak Vas\u0131fs\u0131zl\u0131k: Meslek Hastal\u0131\u011f\u0131 Ba\u011flam\u0131nda \u0130\u015f, \u0130\u015fyeri ve Toplumsal Ya\u015fama Ait Kavray\u0131\u015flar<\/a><\/li>\n<\/ul>\n<p><strong>\u00a0 \u00a0 \u00a0 \u00a0 \u00a0 Arif H. \u00c7IMRIN, Hande BAHADIR, \u0130brahim KAYA<\/strong><\/p>\n<ul>\n<li><a href=\"https:\/\/www.calismatoplum.org\/makale\/turkiyede-2022-yiliasgari-ucretistisnasininvergi-takozuna-tahmini-etkileri\">T\u00fcrkiye&#8217;de 2022 Y\u0131l\u0131 Asgari \u00dccret \u0130stisnas\u0131n\u0131n Vergi Takozuna Tahmini Etkileri<i>Emre KAYA, \u00d6zg\u00fcr SARA\u00c7<\/i><\/a><i><\/i><i><\/i><\/li>\n<\/ul>\n<p><strong>\u00a0 \u00a0 \u00a0 \u00a0 \u00a0 \u00a0Emre KAYA, \u00d6zg\u00fcr SARA\u00c7<\/strong><\/p>\n<ul>\n<li><a href=\"https:\/\/www.calismatoplum.org\/makale\/the-determination-of-socioeconomic-situations-that-affect-the-life-conditions-of-poor-households-the-case-of-elazig\">The Determination Of Socioeconomic Situations that Affect the Life Conditions of Poor Households: The Case Of Elaz\u0131\u011f<\/a><\/li>\n<\/ul>\n<p><strong>\u00a0 \u00a0 \u00a0 \u00a0 \u00a0 Merve Sefa YILMAZ, \u200b\u200b\u200b\u200b\u200b\u200b\u200bPelin KILIN\u00c7<\/strong><\/p>\n<ul>\n<li><a href=\"https:\/\/www.calismatoplum.org\/makale\/sanayisizlesme-ve-sendikasizlasmanin-gelir-dagilimietkilerierken-premature-sanayisizlesen-ulkeler-ornegi\">Sanayisizle\u015fme ve Sendikas\u0131zla\u015fman\u0131n Gelir Da\u011f\u0131l\u0131m\u0131na Etkileri: Erken (Premat\u00fcre) Sanayisizle\u015fen \u00dclkeler \u00d6rne\u011fi\u00a0<\/a><\/li>\n<\/ul>\n<p><strong>\u00a0 \u00a0 \u00a0 \u00a0 \u00a0 \u0130pek TEK\u0130N<\/strong><\/p>\n<ul>\n<li><a href=\"https:\/\/www.calismatoplum.org\/makale\/kurumsal-bakim-calisanlarinin-gozunden-bakim-emegi-ve-pandemi-sonrasiuzun-donemli-yaslibakimi-niteliksel-bir-arastirma\">Kurumsal Bak\u0131m \u00c7al\u0131\u015fanlar\u0131n\u0131n G\u00f6z\u00fcnden Bak\u0131m Eme\u011fi ve Pandemi Sonras\u0131 Uzun D\u00f6nemli Ya\u015fl\u0131l\u0131k Bak\u0131m\u0131: Niteliksel Bir Ara\u015ft\u0131rma<\/a><\/li>\n<\/ul>\n<p><strong>\u00a0 \u00a0 \u00a0 \u00a0 \u00a0 Cemre CANBAZER\u00a0\u015eANLI, Ba\u015fak AKKAN<\/strong><\/p>\n<ul>\n<li><a href=\"https:\/\/www.calismatoplum.org\/makale\/yoksullugun-yasanan-boyutu-turkiyede-cocuk-maddi-yoksunlugunun-analizi\">Yoksullu\u011fun Ya\u015fanan Boyutu: T\u00fcrkiye&#8217;de \u00c7ocuk Maddi Yoksullu\u011funu Analizi<\/a><\/li>\n<\/ul>\n<p><strong>\u00a0 \u00a0 \u00a0 \u00a0 \u00a0 Kerem BERKMAN<\/strong><\/p>\n<ul>\n<li><a href=\"https:\/\/www.calismatoplum.org\/makale\/1990liyillarin-siyasi-ve-ekonomik-kriz-sureclerinde-turk-is-hak-isve-diskin-soylemleri-talepler-ortak-platformlar-ve-siyaset\">1990\u2019l\u0131\u00a0Y\u0131llar\u0131n Siyasi ve Ekonomik Kriz S\u00fcre\u00e7lerinde T\u00fcrk-\u0130\u015f, Hak-\u0130\u015f\u00a0ve D\u0130SK\u2019in S\u00f6ylemleri: Talepler, Ortak Platformlar ve Siyaset<\/a><\/li>\n<\/ul>\n<p><strong>\u00a0 \u00a0 \u00a0 \u00a0 \u00a0 Volkan DEL\u0130<\/strong><\/p>\n<ul>\n<li><a href=\"https:\/\/www.calismatoplum.org\/makale\/turkiye-ve-rusyada-saglik-calisanlarinin-grev-hakkiustune-bir-degerlendirme\">T\u00fcrkiye ve Rusya\u2019da Sa\u011fl\u0131k \u00c7al\u0131\u015fanlar\u0131n\u0131n Grev Hakk\u0131\u00a0\u00dcst\u00fcne Bir De\u011ferlendirme<\/a><\/li>\n<\/ul>\n<p><strong>\u00a0 \u00a0 \u00a0 \u00a0 \u00a0 Najiba RAFIZADE<\/strong><\/p>\n<ul>\n<li><a href=\"https:\/\/www.calismatoplum.org\/makale\/yeni-celtek-direnisi-madenden-bolgeye-yayilanisci-ozyonetimi\">Yeni \u00c7eltek Direni\u015fi: Madenden B\u00f6lgeye Yay\u0131lan\u00a0\u0130\u015f\u00e7i \u00d6zy\u00f6netimi<\/a><\/li>\n<\/ul>\n<p><strong>\u00a0 \u00a0 \u00a0 \u00a0 \u00a0 G\u00fcne\u015f\u00a0G\u00dcM\u00dc\u015e<\/strong><\/p>\n<ul>\n<li><a href=\"https:\/\/www.calismatoplum.org\/makale\/kararincelemesi-yargitayin-2020-yilive-sonrasindaki-kararlarindakismi-sureliiscinin-hafta-tatili-hakki-\">Karar\u00a0\u0130ncelemesi: \u200b\u200b\u200b\u200b\u200b\u200b\u200bYarg\u0131tay\u0131n 2020 Y\u0131l\u0131\u00a0ve Sonras\u0131ndaki Kararlar\u0131nda\u00a0K\u0131smi S\u00fcreli\u00a0\u0130\u015f\u00e7inin Hafta Tatili Hakk\u0131<\/a><\/li>\n<\/ul>\n<p><strong>\u00a0 \u00a0 \u00a0 \u00a0 \u00a0 \u00a0K. Ahmet SEV\u0130ML\u0130<\/strong><\/p>\n<ul>\n<li><a href=\"https:\/\/www.calismatoplum.org\/makale\/alman-federal-mahkeme-kararlari-7\">Alman Federal Mahkeme Kararlar\u0131<\/a><\/li>\n<\/ul>\n<p><strong>\u00a0 \u00a0 \u00a0 \u00a0 \u00a0Alpay HEK\u0130MLER<\/strong><\/p>\n<ul>\n<li><a href=\"https:\/\/www.calismatoplum.org\/makale\/avrupa-insan-haklari-mahkemesi-emeklilik-yasinin-erkek-ve-kadin-icin-farkli-belirlenmesinin-cinsiyete-dayali-ayrimcilik-teskil-edip-etmedigi\">Avrupa \u0130nsan Haklar\u0131 Mahkemesi-Emeklilik Ya\u015f\u0131n\u0131n Erkek ve Kad\u0131n \u0130\u00e7in Farkl\u0131 Belirlenmesinin Cinsiyete Dayal\u0131 Ayr\u0131mc\u0131l\u0131k Te\u015fkil Edip Etmedi\u011fi<\/a><\/li>\n<\/ul>\n<p><strong>\u00a0 \u00a0 \u00a0 \u00a0 \u00a0 \u0130rem \u00c7EL\u0130K<\/strong><\/p>\n<ul>\n<li><a href=\"https:\/\/www.calismatoplum.org\/makale\/yeni-kitaplar\">Yeni Kitaplar<\/a><\/li>\n<\/ul>\n<p><strong>\u00a0 \u00a0 \u00a0 \u00a0 \u00a0 Edit\u00f6r\u00a0<\/strong><\/p>\n","protected":false},"excerpt":{"rendered":"<p>D\u0130SK \u00fcyesi Birle\u015fik Metal-\u0130\u015f taraf\u0131ndan \u00e7\u0131kar\u0131lan \u00fc\u00e7 ayl\u0131k bilimsel hakemli dergi\u00a0\u00c7al\u0131\u015fma ve Toplum\u2018un 76. say\u0131s\u0131 yay\u0131mlad\u0131. Yay\u0131n y\u00f6netmenli\u011fini Av. Dr. Murat \u00d6zveri\u2019nin y\u00fcr\u00fctt\u00fc\u011f\u00fc\u00a0\u00c7al\u0131\u015fma ve Toplum&#8230;<\/p>\n","protected":false},"author":3,"featured_media":1718,"comment_status":"closed","ping_status":"closed","sticky":false,"template":"template-c-s2-post.php","format":"standard","meta":{"footnotes":""},"categories":[6],"tags":[267,417],"class_list":["post-9719","post","type-post","status-publish","format-standard","has-post-thumbnail","hentry","category-guncel","tag-calisma-ve-toplum","tag-prof-dr-pir-ali-kaya","wpcat-6-id"],"_links":{"self":[{"href":"https:\/\/arastirma.disk.org.tr\/index.php?rest_route=\/wp\/v2\/posts\/9719","targetHints":{"allow":["GET"]}}],"collection":[{"href":"https:\/\/arastirma.disk.org.tr\/index.php?rest_route=\/wp\/v2\/posts"}],"about":[{"href":"https:\/\/arastirma.disk.org.tr\/index.php?rest_route=\/wp\/v2\/types\/post"}],"author":[{"embeddable":true,"href":"https:\/\/arastirma.disk.org.tr\/index.php?rest_route=\/wp\/v2\/users\/3"}],"replies":[{"embeddable":true,"href":"https:\/\/arastirma.disk.org.tr\/index.php?rest_route=%2Fwp%2Fv2%2Fcomments&post=9719"}],"version-history":[{"count":24,"href":"https:\/\/arastirma.disk.org.tr\/index.php?rest_route=\/wp\/v2\/posts\/9719\/revisions"}],"predecessor-version":[{"id":9744,"href":"https:\/\/arastirma.disk.org.tr\/index.php?rest_route=\/wp\/v2\/posts\/9719\/revisions\/9744"}],"wp:featuredmedia":[{"embeddable":true,"href":"https:\/\/arastirma.disk.org.tr\/index.php?rest_route=\/wp\/v2\/media\/1718"}],"wp:attachment":[{"href":"https:\/\/arastirma.disk.org.tr\/index.php?rest_route=%2Fwp%2Fv2%2Fmedia&parent=9719"}],"wp:term":[{"taxonomy":"category","embeddable":true,"href":"https:\/\/arastirma.disk.org.tr\/index.php?rest_route=%2Fwp%2Fv2%2Fcategories&post=9719"},{"taxonomy":"post_tag","embeddable":true,"href":"https:\/\/arastirma.disk.org.tr\/index.php?rest_route=%2Fwp%2Fv2%2Ftags&post=9719"}],"curies":[{"name":"wp","href":"https:\/\/api.w.org\/{rel}","templated":true}]}}