{"id":9813,"date":"2023-03-03T10:49:35","date_gmt":"2023-03-03T07:49:35","guid":{"rendered":"https:\/\/arastirma.disk.org.tr\/?p=9813"},"modified":"2024-04-19T11:37:37","modified_gmt":"2024-04-19T08:37:37","slug":"emekcinin-enflasyonu","status":"publish","type":"post","link":"https:\/\/arastirma.disk.org.tr\/?p=9813","title":{"rendered":"Emek\u00e7inin enflasyonu \u00e7ok daha y\u00fcksek!"},"content":{"rendered":"<ul>\n<li>Ortalama resmi enflasyon gelir gruplar\u0131n\u0131n al\u0131m g\u00fcc\u00fcn\u00fc yans\u0131tm\u0131yor.<\/li>\n<li>D\u0130SK-AR taraf\u0131ndan yap\u0131lan hesaplamaya g\u00f6re emeklilerin ve dar gelirlilerin g\u0131da enflasyonu y\u00fczde 88-102 aral\u0131\u011f\u0131nda seyrediyor.<\/li>\n<li>Resmi enflasyon \u015eubat 2021 ve \u015eubat 2022&#8217;ye g\u00f6re artt\u0131.<\/li>\n<li>AKP d\u00f6neminde y\u0131ll\u0131k resmi enflasyon 25,5 puan y\u00fckseldi.<\/li>\n<li>2003:100 bazl\u0131 T\u00dcFE Endeksi 1.241&#8217;e g\u0131da fiyatlar\u0131 endeksi 1.780&#8217;e y\u00fckseldi.<\/li>\n<\/ul>\n<p><img fetchpriority=\"high\" decoding=\"async\" class=\"aligncenter wp-image-9814 size-large\" src=\"http:\/\/arastirma.disk.org.tr\/wp-content\/uploads\/2023\/03\/gelir-gruplari-gida-1024x642.png\" alt=\"\" width=\"1024\" height=\"642\" srcset=\"https:\/\/arastirma.disk.org.tr\/wp-content\/uploads\/2023\/03\/gelir-gruplari-gida-1024x642.png 1024w, https:\/\/arastirma.disk.org.tr\/wp-content\/uploads\/2023\/03\/gelir-gruplari-gida-300x188.png 300w, https:\/\/arastirma.disk.org.tr\/wp-content\/uploads\/2023\/03\/gelir-gruplari-gida-768x482.png 768w, https:\/\/arastirma.disk.org.tr\/wp-content\/uploads\/2023\/03\/gelir-gruplari-gida-1536x964.png 1536w, https:\/\/arastirma.disk.org.tr\/wp-content\/uploads\/2023\/03\/gelir-gruplari-gida.png 1642w\" sizes=\"(max-width: 1024px) 100vw, 1024px\" \/><\/p>\n<p style=\"font-weight: 400;\">T\u00dcFE&#8217;deki (2003=100) de\u011fi\u015fim 2023 \u015eubat ay\u0131nda bir \u00f6nceki aya g\u00f6re y\u00fczde 3,15, bir \u00f6nceki y\u0131l\u0131n aral\u0131k ay\u0131na g\u00f6re y\u00fczde 55,18 ve on iki ayl\u0131k ortalamalara g\u00f6re y\u00fczde 71,83 olarak ger\u00e7ekle\u015fti.<\/p>\n<p style=\"font-weight: 400;\">Ancak T\u00dc\u0130K taraf\u0131ndan yay\u0131mlanan resmi ortalama enflasyon oranlar\u0131 farkl\u0131 gelir gruplar\u0131n\u0131n ger\u00e7e\u011fini yans\u0131tm\u0131yor. Resmi ortalama enflasyon oranlar\u0131 d\u00fc\u015f\u00fck gelirlilerin, emek\u00e7ilerin g\u00fcnl\u00fck ya\u015famda kar\u015f\u0131la\u015ft\u0131\u011f\u0131 ve hissetti\u011fi oranlar de\u011fildir.\u00a0\u00a0Bu nedenle D\u0130SK-AR olarak T\u00dc\u0130K\u2019in ham verilerinden yararlanarak emeklilerin, dar gelirlilerin, d\u00fc\u015f\u00fck gelirlilerin hissetti\u011fi g\u0131da enflasyonunu yeniden hesapl\u0131yoruz. Yapt\u0131\u011f\u0131m\u0131z hesaplamaya g\u00f6re g\u0131da enflasyonu ortalama y\u00fczde 69,3 olarak ger\u00e7ekle\u015firken emeklilerde g\u0131da enflasyonu y\u00fczde 88,3 oldu. \u00dc\u00e7\u00fcnc\u00fc y\u00fczde 20\u2019lik gelir grubunun g\u0131da enflasyonu y\u00fczde 69,3 olurken, d\u00fc\u015f\u00fck gelirli ikinci y\u00fczde 20\u2019lik grubun g\u0131da enflasyonu y\u00fczde 89,3, en yoksul y\u00fczde 20\u2019lik gelir grubun g\u0131da enflasyonu ise y\u00fczde 102,3 olarak ger\u00e7ekle\u015fti.<\/p>\n<p style=\"font-weight: 400;\">D\u00f6rd\u00fcnc\u00fc y\u00fczde 20\u2019lik gelir grubunun g\u0131da enflasyonu y\u00fczde 68,7 olurken, en y\u00fcksek gelir grubunun g\u0131da enflasyonu ise y\u00fczde 51 oldu. B\u00f6ylece en yoksul gelir grubu y\u00fczde 102,3 oran\u0131nda g\u0131da enflasyonu hissederken, en y\u00fcksek gelir grubu ise y\u00fczde 51 oran\u0131nda g\u0131da enflasyonu hissetmi\u015f oldu. Bu durum enflasyonun gelir gruplar\u0131na g\u00f6re \u00f6nemli \u00f6l\u00e7\u00fcde farkl\u0131 hissedildi\u011fini ortaya koyuyor.<\/p>\n<p>T\u00dc\u0130K\u2019e g\u00f6re Yurt \u0130\u00e7i-\u00dcretici Fiyatlar\u0131 Endeksi (Y\u0130-\u00dcFE) (2003=100) ise 2023 \u015eubat ay\u0131nda bir \u00f6nceki aya g\u00f6re y\u00fczde 1,56 puan artarak y\u0131ll\u0131k y\u00fczde 76,61 olarak ger\u00e7ekle\u015fti. T\u00dcFE ile Y\u0130-\u00dcFE aras\u0131ndaki makas \u015eubat 2023\u2019te 21,4 puan olarak ger\u00e7ekle\u015fti.<\/p>\n<p><img decoding=\"async\" class=\"aligncenter wp-image-9816 size-large\" src=\"http:\/\/arastirma.disk.org.tr\/wp-content\/uploads\/2023\/03\/Ekran-Resmi-2023-03-03-10.13.27-1024x599.png\" alt=\"\" width=\"1024\" height=\"599\" srcset=\"https:\/\/arastirma.disk.org.tr\/wp-content\/uploads\/2023\/03\/Ekran-Resmi-2023-03-03-10.13.27-1024x599.png 1024w, https:\/\/arastirma.disk.org.tr\/wp-content\/uploads\/2023\/03\/Ekran-Resmi-2023-03-03-10.13.27-300x175.png 300w, https:\/\/arastirma.disk.org.tr\/wp-content\/uploads\/2023\/03\/Ekran-Resmi-2023-03-03-10.13.27-768x449.png 768w, https:\/\/arastirma.disk.org.tr\/wp-content\/uploads\/2023\/03\/Ekran-Resmi-2023-03-03-10.13.27-1536x898.png 1536w, https:\/\/arastirma.disk.org.tr\/wp-content\/uploads\/2023\/03\/Ekran-Resmi-2023-03-03-10.13.27.png 1922w\" sizes=\"(max-width: 1024px) 100vw, 1024px\" \/><\/p>\n<p>AKP enflasyonu art\u0131rmaya devam ediyor. Aral\u0131k 2002&#8217;de y\u00fczde 29,7 olan enflasyon oran\u0131 \u015eubat 2023&#8217;te y\u00fczde 55,18 oldu.<\/p>\n<p><img decoding=\"async\" class=\"wp-image-9818 size-full aligncenter\" src=\"http:\/\/arastirma.disk.org.tr\/wp-content\/uploads\/2023\/03\/WhatsApp-Image-2023-03-03-at-10.02.52.jpeg\" alt=\"\" width=\"621\" height=\"409\" srcset=\"https:\/\/arastirma.disk.org.tr\/wp-content\/uploads\/2023\/03\/WhatsApp-Image-2023-03-03-at-10.02.52.jpeg 621w, https:\/\/arastirma.disk.org.tr\/wp-content\/uploads\/2023\/03\/WhatsApp-Image-2023-03-03-at-10.02.52-300x198.jpeg 300w\" sizes=\"(max-width: 621px) 100vw, 621px\" \/><\/p>\n<p>T\u00dcFE ve g\u0131da fiyatlar\u0131 endeksi artmaya devam ediyor. 2005 y\u0131l\u0131nda 115 olan T\u00dcFE, 2023&#8217;te 1.241&#8217;e y\u00fckseldi. 2005&#8217;te 113 olan g\u0131da fiyatlar\u0131 endeksi ise 2023&#8217;te 1.780&#8217;e y\u00fckseldi. B\u00f6ylece 2005&#8217;ten bu yana T\u00dcFE 1.126 puan, g\u0131da fiyatlar\u0131 endeksi 1.667 puan artt\u0131. 2005&#8217;te y\u00fczde 8,7 olan enflasyon oran\u0131 2023&#8217;te y\u00fczde 55,1 oldu. 2005&#8217;te y\u00fczde 6,4 olan g\u0131da enflasyonu ise 2023&#8217;te y\u00fczde 69,3&#8217;e y\u00fckseldi.<\/p>\n<p><img loading=\"lazy\" decoding=\"async\" class=\"wp-image-9820 size-full aligncenter\" src=\"http:\/\/arastirma.disk.org.tr\/wp-content\/uploads\/2023\/03\/WhatsApp-Image-2023-03-03-at-10.14.35.jpeg\" alt=\"\" width=\"856\" height=\"474\" srcset=\"https:\/\/arastirma.disk.org.tr\/wp-content\/uploads\/2023\/03\/WhatsApp-Image-2023-03-03-at-10.14.35.jpeg 856w, https:\/\/arastirma.disk.org.tr\/wp-content\/uploads\/2023\/03\/WhatsApp-Image-2023-03-03-at-10.14.35-300x166.jpeg 300w, https:\/\/arastirma.disk.org.tr\/wp-content\/uploads\/2023\/03\/WhatsApp-Image-2023-03-03-at-10.14.35-768x425.jpeg 768w\" sizes=\"(max-width: 856px) 100vw, 856px\" \/><\/p>\n<p>\u00d6te yandan son y\u0131llarda g\u0131da enflasyonu ile genel enflasyon aras\u0131ndaki fark a\u00e7\u0131lmaya ba\u015flad\u0131. \u015eubat 2023&#8217;te 2003:100 bazl\u0131 T\u00dcFE endeksi 1241 olurken, g\u0131da enflasyonu endeksi 1780 oldu.<\/p>\n<p><img loading=\"lazy\" decoding=\"async\" class=\"aligncenter wp-image-9830 size-large\" src=\"http:\/\/arastirma.disk.org.tr\/wp-content\/uploads\/2023\/03\/Ekran-Resmi-2023-03-03-10.46.26-1024x637.png\" alt=\"\" width=\"1024\" height=\"637\" srcset=\"https:\/\/arastirma.disk.org.tr\/wp-content\/uploads\/2023\/03\/Ekran-Resmi-2023-03-03-10.46.26-1024x637.png 1024w, https:\/\/arastirma.disk.org.tr\/wp-content\/uploads\/2023\/03\/Ekran-Resmi-2023-03-03-10.46.26-300x187.png 300w, https:\/\/arastirma.disk.org.tr\/wp-content\/uploads\/2023\/03\/Ekran-Resmi-2023-03-03-10.46.26-768x478.png 768w, https:\/\/arastirma.disk.org.tr\/wp-content\/uploads\/2023\/03\/Ekran-Resmi-2023-03-03-10.46.26-1536x956.png 1536w, https:\/\/arastirma.disk.org.tr\/wp-content\/uploads\/2023\/03\/Ekran-Resmi-2023-03-03-10.46.26.png 1706w\" sizes=\"(max-width: 1024px) 100vw, 1024px\" \/><\/p>\n<p><strong><em>Metodolojik not:<\/em><\/strong><em>\u00a0Dar gelirlilerin ve emeklilerin g\u0131da enflasyonu hesab\u0131nda, T\u00dc\u0130K\u2019in gelire g\u00f6re t\u00fcketim harcamas\u0131n\u0131n ve temel gelir kayna\u011f\u0131n\u0131n hanehalk\u0131 t\u00fcketim harcamas\u0131n\u0131n t\u00fcrlerine g\u00f6re da\u011f\u0131l\u0131m\u0131 (2019) verileri ile ana harcama gruplar\u0131na g\u00f6re T\u00dcFE verileri esas al\u0131nd\u0131.<\/em><\/p>\n","protected":false},"excerpt":{"rendered":"<p>Ortalama resmi enflasyon gelir gruplar\u0131n\u0131n al\u0131m g\u00fcc\u00fcn\u00fc yans\u0131tm\u0131yor. D\u0130SK-AR taraf\u0131ndan yap\u0131lan hesaplamaya g\u00f6re emeklilerin ve dar gelirlilerin g\u0131da enflasyonu y\u00fczde 88-102 aral\u0131\u011f\u0131nda seyrediyor. Resmi enflasyon&#8230;<\/p>\n","protected":false},"author":3,"featured_media":9833,"comment_status":"closed","ping_status":"closed","sticky":false,"template":"template-c-s2-post.php","format":"standard","meta":{"footnotes":""},"categories":[6,278],"tags":[104,419,420,39],"class_list":["post-9813","post","type-post","status-publish","format-standard","has-post-thumbnail","hentry","category-guncel","category-manset","tag-enflasyon","tag-gelir-gruplarina-gore-gida-enflasyonu","tag-subat-2023","tag-tuik","wpcat-6-id","wpcat-278-id"],"_links":{"self":[{"href":"https:\/\/arastirma.disk.org.tr\/index.php?rest_route=\/wp\/v2\/posts\/9813","targetHints":{"allow":["GET"]}}],"collection":[{"href":"https:\/\/arastirma.disk.org.tr\/index.php?rest_route=\/wp\/v2\/posts"}],"about":[{"href":"https:\/\/arastirma.disk.org.tr\/index.php?rest_route=\/wp\/v2\/types\/post"}],"author":[{"embeddable":true,"href":"https:\/\/arastirma.disk.org.tr\/index.php?rest_route=\/wp\/v2\/users\/3"}],"replies":[{"embeddable":true,"href":"https:\/\/arastirma.disk.org.tr\/index.php?rest_route=%2Fwp%2Fv2%2Fcomments&post=9813"}],"version-history":[{"count":13,"href":"https:\/\/arastirma.disk.org.tr\/index.php?rest_route=\/wp\/v2\/posts\/9813\/revisions"}],"predecessor-version":[{"id":9834,"href":"https:\/\/arastirma.disk.org.tr\/index.php?rest_route=\/wp\/v2\/posts\/9813\/revisions\/9834"}],"wp:featuredmedia":[{"embeddable":true,"href":"https:\/\/arastirma.disk.org.tr\/index.php?rest_route=\/wp\/v2\/media\/9833"}],"wp:attachment":[{"href":"https:\/\/arastirma.disk.org.tr\/index.php?rest_route=%2Fwp%2Fv2%2Fmedia&parent=9813"}],"wp:term":[{"taxonomy":"category","embeddable":true,"href":"https:\/\/arastirma.disk.org.tr\/index.php?rest_route=%2Fwp%2Fv2%2Fcategories&post=9813"},{"taxonomy":"post_tag","embeddable":true,"href":"https:\/\/arastirma.disk.org.tr\/index.php?rest_route=%2Fwp%2Fv2%2Ftags&post=9813"}],"curies":[{"name":"wp","href":"https:\/\/api.w.org\/{rel}","templated":true}]}}