{"id":9840,"date":"2023-03-10T13:54:04","date_gmt":"2023-03-10T10:54:04","guid":{"rendered":"https:\/\/arastirma.disk.org.tr\/?p=9840"},"modified":"2024-04-19T11:37:37","modified_gmt":"2024-04-19T08:37:37","slug":"issizlik-dusmuyor-genis-tanimli-issizlik-artmaya-devam-ediyor","status":"publish","type":"post","link":"https:\/\/arastirma.disk.org.tr\/?p=9840","title":{"rendered":"\u0130\u015fsizlik d\u00fc\u015fm\u00fcyor! Geni\u015f tan\u0131ml\u0131 i\u015fsizlik artmaya devam ediyor!"},"content":{"rendered":"<h3 style=\"text-align: center;\">\u0130\u015fsizlik ve \u0130stihdam\u0131n G\u00f6r\u00fcn\u00fcm\u00fc Raporu (Mart 2023) Yay\u0131mland\u0131!<\/h3>\n<ul>\n<li>Geni\u015f tan\u0131ml\u0131 i\u015fsiz say\u0131s\u0131 8 milyon 353 bin!<\/li>\n<li>Geni\u015f tan\u0131ml\u0131 i\u015fsizlik oran\u0131 y\u00fczde 21,9!<\/li>\n<li>Geni\u015f tan\u0131ml\u0131 i\u015fsizlik salg\u0131n \u00f6ncesine g\u00f6re y\u00fcksek seyrediyor.<\/li>\n<li>Resmi i\u015fsizlerin y\u00fczde 87\u2019si i\u015fsizlik \u00f6dene\u011fi alam\u0131yor!<\/li>\n<li>Geni\u015f tan\u0131ml\u0131 kad\u0131n i\u015fsizli\u011fi y\u00fczde 29,8!<\/li>\n<\/ul>\n<p><a href=\"http:\/\/arastirma.disk.org.tr\/wp-content\/uploads\/2023\/03\/ISSIZLIK-VE-ISTIHDAMIN-GORUNUMU-Mart-2023.pdf\">Rapora eri\u015fmek i\u00e7in t\u0131klay\u0131n\u0131z.<\/a><\/p>\n<p>T\u00dc\u0130K\u2019in Ocak 2023 Hanehalk\u0131 \u0130\u015fg\u00fcc\u00fc Ara\u015ft\u0131rmas\u0131 (H\u0130A) sonu\u00e7lar\u0131 10 Mart 2023\u2019te yay\u0131mland\u0131. Mevsim etkisinden ar\u0131nd\u0131r\u0131lm\u0131\u015f dar tan\u0131ml\u0131 i\u015fsizlik oran\u0131 y\u00fczde 9,7, mevsim etkisinden ar\u0131nd\u0131r\u0131lm\u0131\u015f geni\u015f tan\u0131ml\u0131 i\u015fsizlik oran\u0131 (\u00e2t\u0131l i\u015fg\u00fcc\u00fc) ise y\u00fczde 21,9 seviyesinde ger\u00e7ekle\u015fti. T\u00dc\u0130K\u2019e g\u00f6re T\u00fcrkiye genelinde 15 ve daha yukar\u0131 ya\u015ftaki ki\u015filerde dar tan\u0131ml\u0131 i\u015fsiz say\u0131s\u0131 (mevsim etkisinden ar\u0131nd\u0131r\u0131lm\u0131\u015f) 2023 Ocak ay\u0131nda bir \u00f6nceki aya g\u00f6re 166 bin ki\u015fi azalarak 3 milyon 424 bin ki\u015fi oldu.<\/p>\n<p>D\u0130SK-AR taraf\u0131ndan T\u00dc\u0130K verilerinden yararlanarak yap\u0131lan hesaplamaya g\u00f6re mevsim etkisinden ar\u0131nd\u0131r\u0131lm\u0131\u015f geni\u015f tan\u0131ml\u0131 i\u015fsiz say\u0131s\u0131 ise Ocak 2023\u2019te 8 milyon 353 bin ki\u015fi olarak ger\u00e7ekle\u015fti. T\u00dc\u0130K\u2019e g\u00f6re Ocak 2020\u2019de y\u00fczde 13 olan i\u015fsizlik Ocak 2023\u2019te y\u00fczde 9,7 olarak ger\u00e7ekle\u015fti. Ancak ayn\u0131 y\u0131llarda geni\u015f tan\u0131ml\u0131 i\u015fsizlik y\u00fczde 21,4\u2019ten y\u00fczde 21,9\u2019a y\u00fckseldi.<\/p>\n<p>\u00d6te yandan i\u015fsizlik \u00f6dene\u011finden yararlanma ko\u015fullar\u0131n\u0131n a\u011f\u0131r olmas\u0131 ve i\u015fsizlik sigortas\u0131 kaynaklar\u0131n\u0131n amac\u0131 d\u0131\u015f\u0131nda kullan\u0131lmas\u0131 sebebiyle i\u015fsizlerin b\u00fcy\u00fck \u00e7o\u011funlu\u011fu i\u015fsizlik \u00f6dene\u011finden yararlanam\u0131yor. Ocak 2023\u2019de T\u00dc\u0130K toplam dar tan\u0131ml\u0131 i\u015fsiz say\u0131s\u0131n\u0131 3 milyon 424 bin ki\u015fi olarak a\u00e7\u0131klad\u0131. \u0130\u015eKUR\u2019un Ocak 2023 verilerine g\u00f6re ise bu ayda i\u015fsizlik \u00f6dene\u011fi alabilenlerin say\u0131s\u0131 460 binde kald\u0131. B\u00f6ylece Ocak 2023\u2019de resmi i\u015fsizlerin sadece y\u00fczde 13,5\u2019i i\u015fsizlik sigortas\u0131 alabildi. 3 milyonu a\u015fk\u0131n i\u015fsiz i\u015fsizlik \u00f6dene\u011finden yoksun kald\u0131. Bu da i\u015fsizlerin yakla\u015f\u0131k y\u00fczde 87\u2019sinin i\u015fsizlik \u00f6dene\u011finden yararlanmad\u0131\u011f\u0131 anlam\u0131na geliyor.<\/p>\n<p>Uluslararas\u0131 \u00c7al\u0131\u015fma \u00d6rg\u00fct\u00fc\u2019n\u00fcn (ILO) i\u015fsiz olan ve i\u015f bulmak isteyenleri kapsayan \u201ci\u015f a\u00e7\u0131\u011f\u0131\u201d g\u00f6stergesi hem istihdama eri\u015fimi hem de istihdamda olan kad\u0131nlar i\u00e7in k\u00f6t\u00fc \u00e7al\u0131\u015fma ko\u015fullar\u0131n\u0131n son 20 y\u0131lda yava\u015flama e\u011filiminde oldu\u011fu g\u00f6steriyor. Bu g\u00f6sterge kad\u0131nlar\u0131n erkeklere k\u0131yasla i\u015f bulmada daha b\u00fcy\u00fck zorluklar ve engeller oldu\u011funu ortaya koyuyor. D\u00fcnya genelinde \u00e7al\u0131\u015fma \u00e7a\u011f\u0131ndaki kad\u0131nlar\u0131n y\u00fczde 15\u2019i, erkeklerin y\u00fczde 10,5\u2019i \u00e7al\u0131\u015fmak istemesine ra\u011fmen i\u015f bulam\u0131yor. Bu g\u00f6stergede fark yoksul \u00fclkelerde kad\u0131nlar aleyhine daha da a\u00e7\u0131l\u0131yor. ILO, kad\u0131nlar\u0131n ev i\u00e7i \u00fccretsiz bak\u0131m i\u015flerinin, kad\u0131nlar\u0131n istihdam\u0131na engel olman\u0131n yan\u0131nda kad\u0131nlar\u0131 i\u015f aramaktan al\u0131koymas\u0131 veya kad\u0131nlar\u0131n k\u0131sa s\u00fcrede \u00e7al\u0131\u015fabilir hale gelmelerinin \u00f6n\u00fcnde bir engel olmas\u0131 hususunda uyar\u0131yor.<\/p>\n<p>T\u00fcrkiye\u2019de de kad\u0131n i\u015fsizli\u011fi erkeklere k\u0131yasla olduk\u00e7a y\u00fcksek seyretmeye devam ediyor. T\u00fcrkiye\u2019de kad\u0131nlarda zamana ba\u011fl\u0131 eksik istihdam art\u0131yor. Ocak 2022\u2019de 447 bin olan zamana ba\u011fl\u0131 eksik istihdam, Ocak 2023\u2019de 645 bine y\u00fckseldi. T\u00dc\u0130K\u2019e g\u00f6re de kad\u0131n i\u015fsizli\u011fi t\u00fcm i\u015fsizlik t\u00fcrlerinde en y\u00fcksek kategori olmaya devam ediyor. Mevsim etkisinden ar\u0131nd\u0131r\u0131lm\u0131\u015f dar tan\u0131ml\u0131 i\u015fsizlik oran\u0131 erkeklerde y\u00fczde 7,7 iken kad\u0131nlarda y\u00fczde 13,7 olarak ger\u00e7ekle\u015fti. Geni\u015f tan\u0131ml\u0131 i\u015fsizlik (\u00e2t\u0131l i\u015fg\u00fcc\u00fc) erkeklerde y\u00fczde 17,4, kad\u0131nlarda ise y\u00fczde 29,8 olarak hesapland\u0131. Geni\u015f tan\u0131ml\u0131 kad\u0131n i\u015fsizli\u011fi ile geni\u015f tan\u0131ml\u0131 erkek i\u015fsizli\u011fi aras\u0131ndaki fark 12,4 puand\u0131r.<\/p>\n<figure id=\"attachment_9841\" aria-describedby=\"caption-attachment-9841\" style=\"width: 724px\" class=\"wp-caption aligncenter\"><a href=\"http:\/\/arastirma.disk.org.tr\/wp-content\/uploads\/2023\/03\/ISSIZLIK-VE-ISTIHDAMIN-GORUNUMU-Mart-2023.pdf\"><img fetchpriority=\"high\" decoding=\"async\" class=\"wp-image-9841 size-large\" src=\"http:\/\/arastirma.disk.org.tr\/wp-content\/uploads\/2023\/03\/Ekran-Resmi-2023-03-10-13.51.41-724x1024.png\" alt=\"\" width=\"724\" height=\"1024\" srcset=\"https:\/\/arastirma.disk.org.tr\/wp-content\/uploads\/2023\/03\/Ekran-Resmi-2023-03-10-13.51.41-724x1024.png 724w, https:\/\/arastirma.disk.org.tr\/wp-content\/uploads\/2023\/03\/Ekran-Resmi-2023-03-10-13.51.41-212x300.png 212w, https:\/\/arastirma.disk.org.tr\/wp-content\/uploads\/2023\/03\/Ekran-Resmi-2023-03-10-13.51.41-768x1086.png 768w, https:\/\/arastirma.disk.org.tr\/wp-content\/uploads\/2023\/03\/Ekran-Resmi-2023-03-10-13.51.41.png 1042w\" sizes=\"(max-width: 724px) 100vw, 724px\" \/><\/a><figcaption id=\"caption-attachment-9841\" class=\"wp-caption-text\">Rapora eri\u015fmek i\u00e7in t\u0131klay\u0131n\u0131z.<\/figcaption><\/figure>\n","protected":false},"excerpt":{"rendered":"<p>\u0130\u015fsizlik ve \u0130stihdam\u0131n G\u00f6r\u00fcn\u00fcm\u00fc Raporu (Mart 2023) Yay\u0131mland\u0131! Geni\u015f tan\u0131ml\u0131 i\u015fsiz say\u0131s\u0131 8 milyon 353 bin! Geni\u015f tan\u0131ml\u0131 i\u015fsizlik oran\u0131 y\u00fczde 21,9! Geni\u015f tan\u0131ml\u0131 i\u015fsizlik&#8230;<\/p>\n","protected":false},"author":3,"featured_media":1855,"comment_status":"closed","ping_status":"closed","sticky":false,"template":"template-c-s2-post.php","format":"standard","meta":{"footnotes":""},"categories":[6,11,278],"tags":[408,230],"class_list":["post-9840","post","type-post","status-publish","format-standard","has-post-thumbnail","hentry","category-guncel","category-issizlik","category-manset","tag-issizlik-raporu","tag-issizlik-ve-istihdamin-gorunumu","wpcat-6-id","wpcat-11-id","wpcat-278-id"],"_links":{"self":[{"href":"https:\/\/arastirma.disk.org.tr\/index.php?rest_route=\/wp\/v2\/posts\/9840","targetHints":{"allow":["GET"]}}],"collection":[{"href":"https:\/\/arastirma.disk.org.tr\/index.php?rest_route=\/wp\/v2\/posts"}],"about":[{"href":"https:\/\/arastirma.disk.org.tr\/index.php?rest_route=\/wp\/v2\/types\/post"}],"author":[{"embeddable":true,"href":"https:\/\/arastirma.disk.org.tr\/index.php?rest_route=\/wp\/v2\/users\/3"}],"replies":[{"embeddable":true,"href":"https:\/\/arastirma.disk.org.tr\/index.php?rest_route=%2Fwp%2Fv2%2Fcomments&post=9840"}],"version-history":[{"count":1,"href":"https:\/\/arastirma.disk.org.tr\/index.php?rest_route=\/wp\/v2\/posts\/9840\/revisions"}],"predecessor-version":[{"id":9843,"href":"https:\/\/arastirma.disk.org.tr\/index.php?rest_route=\/wp\/v2\/posts\/9840\/revisions\/9843"}],"wp:featuredmedia":[{"embeddable":true,"href":"https:\/\/arastirma.disk.org.tr\/index.php?rest_route=\/wp\/v2\/media\/1855"}],"wp:attachment":[{"href":"https:\/\/arastirma.disk.org.tr\/index.php?rest_route=%2Fwp%2Fv2%2Fmedia&parent=9840"}],"wp:term":[{"taxonomy":"category","embeddable":true,"href":"https:\/\/arastirma.disk.org.tr\/index.php?rest_route=%2Fwp%2Fv2%2Fcategories&post=9840"},{"taxonomy":"post_tag","embeddable":true,"href":"https:\/\/arastirma.disk.org.tr\/index.php?rest_route=%2Fwp%2Fv2%2Ftags&post=9840"}],"curies":[{"name":"wp","href":"https:\/\/api.w.org\/{rel}","templated":true}]}}