{"id":9850,"date":"2023-03-22T11:10:22","date_gmt":"2023-03-22T08:10:22","guid":{"rendered":"https:\/\/arastirma.disk.org.tr\/?p=9850"},"modified":"2024-04-19T11:37:37","modified_gmt":"2024-04-19T08:37:37","slug":"emekli-bayram-ikramiyesi-pula-dondu","status":"publish","type":"post","link":"https:\/\/arastirma.disk.org.tr\/?p=9850","title":{"rendered":"Emekli bayram ikramiyesi pula d\u00f6nd\u00fc!"},"content":{"rendered":"<h4 style=\"text-align: center;\">Emekli bayram ikramiyesi 5 y\u0131lda sadece y\u00fczde 10 artt\u0131!<\/h4>\n<h4 style=\"text-align: center;\">Emeklinin ikramiye kayb\u0131 10 bin TL\u2019ye yakla\u015ft\u0131<\/h4>\n<ul>\n<li>Resmi enflasyon 2018-2023 aras\u0131 5 y\u0131lda y\u00fczde 269, resmi g\u0131da enflasyonu y\u00fczde 362 artarken emekli bayram ikramiyesi sadece y\u00fczde 10 artt\u0131!<\/li>\n<li>2018\u2019de 1.000 TL olarak saptanan bayram ikramiyesi 2021\u2019de 1.100 TL oldu.<\/li>\n<li>Emekli bayram ikramiyesi resmi enflasyon kadar artsayd\u0131 en az 3.689 TL, g\u0131da enflasyonu kadar artsayd\u0131 en az 4.619 TL, asgari \u00fccret kadar artsayd\u0131 en az 5.307 TL olmal\u0131yd\u0131.<\/li>\n<li>Emekli bayram ikramiyesi en az 5.500 TL olmal\u0131d\u0131r.<\/li>\n<li>Emeklinin resmi enflasyona g\u00f6re 5 y\u0131ll\u0131k ikramiye kayb\u0131 10 bin TL\u2019ye yakla\u015ft\u0131. Bu kay\u0131p telafi edilmelidir.<\/li>\n<li>Emekliye her y\u0131l d\u00f6rt asgari \u00fccret ikramiye \u00f6denmelidir.<\/li>\n<\/ul>\n<p><a href=\"http:\/\/arastirma.disk.org.tr\/wp-content\/uploads\/2023\/03\/Emekli-bayram-ikramiyesi-Mart-2023.pdf\">Ara\u015ft\u0131rmaya eri\u015fmek i\u00e7in t\u0131klay\u0131n\u0131z.<\/a><\/p>\n<p>T\u00fcrkiye\u2019de 14 milyona yak\u0131n emekli ve hak sahibi var. T\u00fcrkiye\u2019nin en b\u00fcy\u00fck toplumsal gruplar\u0131ndan birini olu\u015fturan emekliler i\u00e7in bayram ayn\u0131 zamanda ikramiye demek. 2018\u2019de 1.000 TL olarak belirlenen emekli bayram ikramiyesine be\u015f y\u0131l boyunca sadece y\u00fczde 10 zam yap\u0131ld\u0131. 2021 y\u0131l\u0131nda 100 TL zam yap\u0131larak 1.100 TL\u2019ye \u00e7\u0131kar\u0131ld\u0131. Emekli bayram ikramiyesi 2022 y\u0131l\u0131nda da 1.100 TL olarak uyguland\u0131.<\/p>\n<p>2018 y\u0131l\u0131nda ba\u015flayan ekonomik krizin ard\u0131ndan 2020 y\u0131l\u0131nda g\u00f6r\u00fclmeye ba\u015flayan Covid-19 salg\u0131n\u0131 ve 2021 sonundan itibaren h\u0131zla artmaya ba\u015flan fiyatlar sebebiyle enflasyon t\u0131rman\u0131r ve gelir kay\u0131plar\u0131 ya\u015fan\u0131rken emekli ikramiyeleri yerinde sayd\u0131. Emekli bayram ikramiyesi \u00f6denmeye ba\u015fland\u0131\u011f\u0131 2018 y\u0131l\u0131na g\u00f6re hem asgari \u00fccrete g\u00f6re geriledi hem de y\u00fcksek enflasyon sebebiyle eridi.<\/p>\n<p>Emekli ikramiyesi 2018-2023 aras\u0131 5 y\u0131lda sadece y\u00fczde 10 artarken, resmi enflasyon y\u00fczde 269, g\u0131da enflasyonu ise y\u00fczde 362 artt\u0131. Ayn\u0131 d\u00f6nemde asgari \u00fccret ise y\u00fczde 431 artarak 1.603 TL\u2019den 8.507 TL\u2019ye y\u00fckseldi. 5 y\u0131lda sadece y\u00fczde 10 artan emekli bayram ikramiyeleri pula d\u00f6nd\u00fc, enflasyonun alt\u0131nda ezildi.<\/p>\n<p>2022 y\u0131l\u0131n\u0131n ilk bayram\u0131nda ikramiyelerin ge\u00e7mi\u015f enflasyon kayb\u0131n\u0131n giderilmesi ve g\u00fcncel enflasyona kar\u015f\u0131 korunmas\u0131 i\u00e7in 4.799 TL ge\u00e7mi\u015f enflasyon kayb\u0131 ve 2023 i\u00e7in 3.689 TL olmak \u00fczere toplam 8.488 TL \u00f6deme yap\u0131lmal\u0131d\u0131r. Bu art\u0131\u015f emekli ikramiyesinin resmi enflasyona kar\u015f\u0131 korunmas\u0131 i\u00e7in zorunludur.<\/p>\n<p>Bu ara\u015ft\u0131rma b\u00fclteninde emekli bayram ikramiyelerinin 2018-2023 aras\u0131nda enflasyon, g\u0131da enflasyonu ve asgari \u00fccret kar\u015f\u0131s\u0131nda nas\u0131l eridi\u011fi ele al\u0131n\u0131yor ve en az ne kadar olmas\u0131 gerekti\u011fi ortaya konuyor.\u00a0Ara\u015ft\u0131rma b\u00fclteninden \u00f6zet bulgular \u015f\u00f6yle:<\/p>\n<ul>\n<li>5 y\u0131ll\u0131k ikramiye kayb\u0131 yakla\u015f\u0131k 10 bin TL!<\/li>\n<li>G\u0131da enflasyonuna g\u00f6re emeklilerin al\u0131m g\u00fcc\u00fc son 5 y\u0131lda 1.000 TL\u2019den 238 TL\u2019ye d\u00fc\u015ft\u00fc.<\/li>\n<li>Enflasyona g\u00f6re emekli bayram ikramiyesinin al\u0131m g\u00fcc\u00fc 5 y\u0131lda 1.000 TL\u2019den 298 TL\u2019ye d\u00fc\u015ft\u00fc<strong>.<\/strong><\/li>\n<li>Emekli bayram ikramiyesinin asgari \u00fccrete oran\u0131 y\u00fczde 62\u2019den y\u00fczde 13\u2019e geriledi.<\/li>\n<li>Emekli bayram ikramiyesi en az asgari \u00fccret kadar olmal\u0131d\u0131r.<\/li>\n<li>En d\u00fc\u015f\u00fck emekli ayl\u0131\u011f\u0131 asgari \u00fccret olmal\u0131d\u0131r.<\/li>\n<li>Emeklilere y\u0131lda 4 kez birer ayl\u0131k tutar\u0131ndan ikramiye verilmelidir.<\/li>\n<\/ul>\n<figure id=\"attachment_9856\" aria-describedby=\"caption-attachment-9856\" style=\"width: 1024px\" class=\"wp-caption aligncenter\"><a href=\"http:\/\/arastirma.disk.org.tr\/wp-content\/uploads\/2023\/03\/Emekli-bayram-ikramiyesi-Mart-2023.pdf\"><img fetchpriority=\"high\" decoding=\"async\" class=\"wp-image-9856 size-large\" src=\"http:\/\/arastirma.disk.org.tr\/wp-content\/uploads\/2023\/03\/7a88467f-9211-4238-88b1-d0dd383a97b4-1024x577.jpg\" alt=\"\" width=\"1024\" height=\"577\" srcset=\"https:\/\/arastirma.disk.org.tr\/wp-content\/uploads\/2023\/03\/7a88467f-9211-4238-88b1-d0dd383a97b4-1024x577.jpg 1024w, https:\/\/arastirma.disk.org.tr\/wp-content\/uploads\/2023\/03\/7a88467f-9211-4238-88b1-d0dd383a97b4-300x169.jpg 300w, https:\/\/arastirma.disk.org.tr\/wp-content\/uploads\/2023\/03\/7a88467f-9211-4238-88b1-d0dd383a97b4-768x432.jpg 768w, https:\/\/arastirma.disk.org.tr\/wp-content\/uploads\/2023\/03\/7a88467f-9211-4238-88b1-d0dd383a97b4-1536x865.jpg 1536w, https:\/\/arastirma.disk.org.tr\/wp-content\/uploads\/2023\/03\/7a88467f-9211-4238-88b1-d0dd383a97b4.jpg 1600w\" sizes=\"(max-width: 1024px) 100vw, 1024px\" \/><\/a><figcaption id=\"caption-attachment-9856\" class=\"wp-caption-text\">Rapora eri\u015fmek i\u00e7in g\u00f6rsele t\u0131klay\u0131n\u0131z.<\/figcaption><\/figure>\n","protected":false},"excerpt":{"rendered":"<p>Emekli bayram ikramiyesi 5 y\u0131lda sadece y\u00fczde 10 artt\u0131! Emeklinin ikramiye kayb\u0131 10 bin TL\u2019ye yakla\u015ft\u0131 Resmi enflasyon 2018-2023 aras\u0131 5 y\u0131lda y\u00fczde 269, resmi&#8230;<\/p>\n","protected":false},"author":3,"featured_media":9853,"comment_status":"closed","ping_status":"closed","sticky":false,"template":"template-c-s2-post.php","format":"standard","meta":{"footnotes":""},"categories":[3,6,278],"tags":[422,421,423,158],"class_list":["post-9850","post","type-post","status-publish","format-standard","has-post-thumbnail","hentry","category-arastirma","category-guncel","category-manset","tag-bayram-ikramiyesi","tag-emekli-bayram-ikramiyesi-nasil-eridi","tag-emekli-bayram-ikramiyesi-pula-dondu","tag-emekliler","wpcat-3-id","wpcat-6-id","wpcat-278-id"],"_links":{"self":[{"href":"https:\/\/arastirma.disk.org.tr\/index.php?rest_route=\/wp\/v2\/posts\/9850","targetHints":{"allow":["GET"]}}],"collection":[{"href":"https:\/\/arastirma.disk.org.tr\/index.php?rest_route=\/wp\/v2\/posts"}],"about":[{"href":"https:\/\/arastirma.disk.org.tr\/index.php?rest_route=\/wp\/v2\/types\/post"}],"author":[{"embeddable":true,"href":"https:\/\/arastirma.disk.org.tr\/index.php?rest_route=\/wp\/v2\/users\/3"}],"replies":[{"embeddable":true,"href":"https:\/\/arastirma.disk.org.tr\/index.php?rest_route=%2Fwp%2Fv2%2Fcomments&post=9850"}],"version-history":[{"count":4,"href":"https:\/\/arastirma.disk.org.tr\/index.php?rest_route=\/wp\/v2\/posts\/9850\/revisions"}],"predecessor-version":[{"id":9857,"href":"https:\/\/arastirma.disk.org.tr\/index.php?rest_route=\/wp\/v2\/posts\/9850\/revisions\/9857"}],"wp:featuredmedia":[{"embeddable":true,"href":"https:\/\/arastirma.disk.org.tr\/index.php?rest_route=\/wp\/v2\/media\/9853"}],"wp:attachment":[{"href":"https:\/\/arastirma.disk.org.tr\/index.php?rest_route=%2Fwp%2Fv2%2Fmedia&parent=9850"}],"wp:term":[{"taxonomy":"category","embeddable":true,"href":"https:\/\/arastirma.disk.org.tr\/index.php?rest_route=%2Fwp%2Fv2%2Fcategories&post=9850"},{"taxonomy":"post_tag","embeddable":true,"href":"https:\/\/arastirma.disk.org.tr\/index.php?rest_route=%2Fwp%2Fv2%2Ftags&post=9850"}],"curies":[{"name":"wp","href":"https:\/\/api.w.org\/{rel}","templated":true}]}}