{"id":9859,"date":"2023-04-03T11:01:09","date_gmt":"2023-04-03T08:01:09","guid":{"rendered":"https:\/\/arastirma.disk.org.tr\/?p=9859"},"modified":"2024-04-19T11:37:36","modified_gmt":"2024-04-19T08:37:36","slug":"20-yilda-gida-fiyatlari-50-artti","status":"publish","type":"post","link":"https:\/\/arastirma.disk.org.tr\/?p=9859","title":{"rendered":"20 Y\u0131lda G\u0131da Fiyatlar\u0131 %1750 Artt\u0131!"},"content":{"rendered":"<ul>\n<li>D\u0130SK-AR taraf\u0131ndan yap\u0131lan hesaplamaya g\u00f6re emeklilerin ve dar gelirlilerin g\u0131da enflasyonu y\u00fczde 87-100 aral\u0131\u011f\u0131nda seyrediyor.<\/li>\n<li>Fiyatlar artmaya devam ediyor.<\/li>\n<li>Ortalama resmi enflasyon gelir gruplar\u0131n\u0131n al\u0131m g\u00fcc\u00fcn\u00fc yans\u0131tm\u0131yor.<\/li>\n<li>AKP d\u00f6neminde y\u0131ll\u0131k resmi enflasyon 20,8 puan y\u00fckseldi. T\u00dcFE 20 y\u0131lda y\u00fczde 1.169, g\u0131da enflasyonu, y\u00fczde 1.749 artt\u0131.<\/li>\n<li>2003:100 bazl\u0131 T\u00dcFE Endeksi 1.269&#8217;a g\u0131da fiyatlar\u0131 endeksi 1.849&#8217;a y\u00fckseldi.<\/li>\n<\/ul>\n<p><img fetchpriority=\"high\" decoding=\"async\" class=\"aligncenter wp-image-9861 size-full\" src=\"http:\/\/arastirma.disk.org.tr\/wp-content\/uploads\/2023\/04\/gida-grup.png\" alt=\"\" width=\"823\" height=\"516\" srcset=\"https:\/\/arastirma.disk.org.tr\/wp-content\/uploads\/2023\/04\/gida-grup.png 823w, https:\/\/arastirma.disk.org.tr\/wp-content\/uploads\/2023\/04\/gida-grup-300x188.png 300w, https:\/\/arastirma.disk.org.tr\/wp-content\/uploads\/2023\/04\/gida-grup-768x482.png 768w\" sizes=\"(max-width: 823px) 100vw, 823px\" \/><\/p>\n<p style=\"font-weight: 400;\">T\u00dcFE&#8217;deki (2003=100) de\u011fi\u015fim 2023 Mart ay\u0131nda bir \u00f6nceki aya g\u00f6re y\u00fczde 2,3, bir \u00f6nceki y\u0131l\u0131n aral\u0131k ay\u0131na g\u00f6re y\u00fczde 12,5, on iki ayl\u0131k ortalamalara g\u00f6re y\u00fczde 70,2 ve bir \u00f6nceki y\u0131l\u0131n ayn\u0131 ay\u0131na g\u00f6re y\u00fczde 50,51 olarak ger\u00e7ekle\u015fti.<\/p>\n<p style=\"font-weight: 400;\">Ancak T\u00dc\u0130K taraf\u0131ndan yay\u0131mlanan resmi ortalama enflasyon oranlar\u0131 farkl\u0131 gelir gruplar\u0131n\u0131n ger\u00e7e\u011fini yans\u0131tm\u0131yor. Resmi ortalama enflasyon oranlar\u0131 d\u00fc\u015f\u00fck gelirlilerin, emek\u00e7ilerin g\u00fcnl\u00fck ya\u015famda kar\u015f\u0131la\u015ft\u0131\u011f\u0131 ve hissetti\u011fi oranlar de\u011fildir.\u00a0\u00a0Bu nedenle D\u0130SK-AR olarak T\u00dc\u0130K\u2019in ham verilerinden yararlanarak emeklilerin, dar gelirlilerin, d\u00fc\u015f\u00fck gelirlilerin hissetti\u011fi g\u0131da enflasyonunu yeniden hesapl\u0131yoruz. Yapt\u0131\u011f\u0131m\u0131z hesaplamaya g\u00f6re g\u0131da enflasyonu ortalama y\u00fczde 67,9 olarak ger\u00e7ekle\u015firken emeklilerde g\u0131da enflasyonu y\u00fczde 86,5 oldu. \u00dc\u00e7\u00fcnc\u00fc y\u00fczde 20\u2019lik gelir grubunun g\u0131da enflasyonu y\u00fczde 73,8 olurken, d\u00fc\u015f\u00fck gelirli ikinci y\u00fczde 20\u2019lik grubun g\u0131da enflasyonu y\u00fczde 87,5, en yoksul y\u00fczde 20\u2019lik gelir grubun g\u0131da enflasyonu ise y\u00fczde 100,2 olarak ger\u00e7ekle\u015fti.<\/p>\n<p style=\"font-weight: 400;\">D\u00f6rd\u00fcnc\u00fc y\u00fczde 20\u2019lik gelir grubunun g\u0131da enflasyonu y\u00fczde 67,2 olurken, en y\u00fcksek gelir grubunun g\u0131da enflasyonu ise y\u00fczde 49,9 oldu. B\u00f6ylece en yoksul gelir grubu y\u00fczde 100 oran\u0131nda g\u0131da enflasyonu hissederken, en y\u00fcksek gelir grubu ise y\u00fczde 50 oran\u0131nda g\u0131da enflasyonu hissetmi\u015f oldu. Bu durum enflasyonun gelir gruplar\u0131na g\u00f6re \u00f6nemli \u00f6l\u00e7\u00fcde farkl\u0131 hissedildi\u011fini ortaya koyuyor.<\/p>\n<p>T\u00dc\u0130K\u2019e g\u00f6re Yurt \u0130\u00e7i-\u00dcretici Fiyatlar\u0131 Endeksi (Y\u0130-\u00dcFE) (2003=100) ise 2023 Mart ay\u0131nda bir \u00f6nceki aya g\u00f6re y\u00fczde 0,44 puan artarak y\u0131ll\u0131k y\u00fczde 62,45 olarak ger\u00e7ekle\u015fti. T\u00dcFE ile Y\u0130-\u00dcFE aras\u0131ndaki makas Mart 2023\u2019te yakla\u015f\u0131k 12 puan olarak ger\u00e7ekle\u015fti.<\/p>\n<p><img decoding=\"async\" class=\"aligncenter wp-image-9862 size-full\" src=\"http:\/\/arastirma.disk.org.tr\/wp-content\/uploads\/2023\/04\/tufe-ufe.png\" alt=\"\" width=\"960\" height=\"563\" srcset=\"https:\/\/arastirma.disk.org.tr\/wp-content\/uploads\/2023\/04\/tufe-ufe.png 960w, https:\/\/arastirma.disk.org.tr\/wp-content\/uploads\/2023\/04\/tufe-ufe-300x176.png 300w, https:\/\/arastirma.disk.org.tr\/wp-content\/uploads\/2023\/04\/tufe-ufe-768x450.png 768w\" sizes=\"(max-width: 960px) 100vw, 960px\" \/><\/p>\n<p>AKP enflasyonu art\u0131rmaya devam ediyor. Aral\u0131k 2002&#8217;de y\u00fczde 29,7 olan enflasyon oran\u0131 Mart 2023&#8217;te y\u00fczde 50,5 oldu.<\/p>\n<p><img decoding=\"async\" class=\"aligncenter wp-image-9868 size-full\" src=\"http:\/\/arastirma.disk.org.tr\/wp-content\/uploads\/2023\/04\/akp-enflasyon.png\" alt=\"\" width=\"622\" height=\"411\" srcset=\"https:\/\/arastirma.disk.org.tr\/wp-content\/uploads\/2023\/04\/akp-enflasyon.png 622w, https:\/\/arastirma.disk.org.tr\/wp-content\/uploads\/2023\/04\/akp-enflasyon-300x198.png 300w\" sizes=\"(max-width: 622px) 100vw, 622px\" \/><\/p>\n<p><img class=\"aligncenter\" \/><\/p>\n<p>T\u00dcFE ve g\u0131da fiyatlar\u0131 endeksi artmaya devam ediyor. 2005 y\u0131l\u0131nda 115 olan T\u00dcFE, 2023&#8217;te 1.269&#8217;a y\u00fckseldi. 2005&#8217;te 113 olan g\u0131da fiyatlar\u0131 endeksi ise 2023&#8217;te 1.849&#8217;a y\u00fckseldi. B\u00f6ylece 2005&#8217;ten bu yana T\u00dcFE 1.155 puan, g\u0131da fiyatlar\u0131 endeksi 1.736 puan artt\u0131. 2005&#8217;te y\u00fczde 7,9 olan enflasyon oran\u0131 2023&#8217;te y\u00fczde 50,5&#8217;e y\u00fckseldi. 2005&#8217;te y\u00fczde 4,8 olan g\u0131da enflasyonu ise 2023&#8217;te y\u00fczde 67,9&#8217;a y\u00fckseldi.<\/p>\n<p><img loading=\"lazy\" decoding=\"async\" class=\"aligncenter wp-image-9869 size-full\" src=\"http:\/\/arastirma.disk.org.tr\/wp-content\/uploads\/2023\/04\/tufe-endeks.png\" alt=\"\" width=\"849\" height=\"532\" srcset=\"https:\/\/arastirma.disk.org.tr\/wp-content\/uploads\/2023\/04\/tufe-endeks.png 849w, https:\/\/arastirma.disk.org.tr\/wp-content\/uploads\/2023\/04\/tufe-endeks-300x188.png 300w, https:\/\/arastirma.disk.org.tr\/wp-content\/uploads\/2023\/04\/tufe-endeks-768x481.png 768w\" sizes=\"(max-width: 849px) 100vw, 849px\" \/><\/p>\n<p><img class=\"aligncenter\" \/><\/p>\n<p>\u00d6te yandan son y\u0131llarda g\u0131da enflasyonu ile genel enflasyon aras\u0131ndaki fark a\u00e7\u0131lmaya ba\u015flad\u0131. \u015eubat 2023&#8217;te 2003:100 bazl\u0131 T\u00dcFE endeksi 1.269 olurken, g\u0131da enflasyonu endeksi 1.849 oldu.<\/p>\n<p><img loading=\"lazy\" decoding=\"async\" class=\"aligncenter wp-image-9870 size-full\" src=\"http:\/\/arastirma.disk.org.tr\/wp-content\/uploads\/2023\/04\/gida-endeks.png\" alt=\"\" width=\"856\" height=\"475\" srcset=\"https:\/\/arastirma.disk.org.tr\/wp-content\/uploads\/2023\/04\/gida-endeks.png 856w, https:\/\/arastirma.disk.org.tr\/wp-content\/uploads\/2023\/04\/gida-endeks-300x166.png 300w, https:\/\/arastirma.disk.org.tr\/wp-content\/uploads\/2023\/04\/gida-endeks-768x426.png 768w\" sizes=\"(max-width: 856px) 100vw, 856px\" \/><\/p>\n<p><img class=\"aligncenter\" \/><\/p>\n<p><strong><em>Metodolojik not:<\/em><\/strong><em> Dar gelirlilerin ve emeklilerin g\u0131da enflasyonu hesab\u0131nda, T\u00dc\u0130K\u2019in gelire g\u00f6re t\u00fcketim harcamas\u0131n\u0131n ve temel gelir kayna\u011f\u0131n\u0131n hanehalk\u0131 t\u00fcketim harcamas\u0131n\u0131n t\u00fcrlerine g\u00f6re da\u011f\u0131l\u0131m\u0131 (2019) verileri ile ana harcama gruplar\u0131na g\u00f6re T\u00dcFE verileri esas al\u0131nd\u0131.\u00a0<\/em><\/p>\n","protected":false},"excerpt":{"rendered":"<p>D\u0130SK-AR taraf\u0131ndan yap\u0131lan hesaplamaya g\u00f6re emeklilerin ve dar gelirlilerin g\u0131da enflasyonu y\u00fczde 87-100 aral\u0131\u011f\u0131nda seyrediyor. Fiyatlar artmaya devam ediyor. Ortalama resmi enflasyon gelir gruplar\u0131n\u0131n al\u0131m&#8230;<\/p>\n","protected":false},"author":3,"featured_media":9875,"comment_status":"closed","ping_status":"closed","sticky":false,"template":"template-c-s2-post.php","format":"standard","meta":{"footnotes":""},"categories":[6,278],"tags":[104,419,424,39],"class_list":["post-9859","post","type-post","status-publish","format-standard","has-post-thumbnail","hentry","category-guncel","category-manset","tag-enflasyon","tag-gelir-gruplarina-gore-gida-enflasyonu","tag-mart-2023","tag-tuik","wpcat-6-id","wpcat-278-id"],"_links":{"self":[{"href":"https:\/\/arastirma.disk.org.tr\/index.php?rest_route=\/wp\/v2\/posts\/9859","targetHints":{"allow":["GET"]}}],"collection":[{"href":"https:\/\/arastirma.disk.org.tr\/index.php?rest_route=\/wp\/v2\/posts"}],"about":[{"href":"https:\/\/arastirma.disk.org.tr\/index.php?rest_route=\/wp\/v2\/types\/post"}],"author":[{"embeddable":true,"href":"https:\/\/arastirma.disk.org.tr\/index.php?rest_route=\/wp\/v2\/users\/3"}],"replies":[{"embeddable":true,"href":"https:\/\/arastirma.disk.org.tr\/index.php?rest_route=%2Fwp%2Fv2%2Fcomments&post=9859"}],"version-history":[{"count":10,"href":"https:\/\/arastirma.disk.org.tr\/index.php?rest_route=\/wp\/v2\/posts\/9859\/revisions"}],"predecessor-version":[{"id":10536,"href":"https:\/\/arastirma.disk.org.tr\/index.php?rest_route=\/wp\/v2\/posts\/9859\/revisions\/10536"}],"wp:featuredmedia":[{"embeddable":true,"href":"https:\/\/arastirma.disk.org.tr\/index.php?rest_route=\/wp\/v2\/media\/9875"}],"wp:attachment":[{"href":"https:\/\/arastirma.disk.org.tr\/index.php?rest_route=%2Fwp%2Fv2%2Fmedia&parent=9859"}],"wp:term":[{"taxonomy":"category","embeddable":true,"href":"https:\/\/arastirma.disk.org.tr\/index.php?rest_route=%2Fwp%2Fv2%2Fcategories&post=9859"},{"taxonomy":"post_tag","embeddable":true,"href":"https:\/\/arastirma.disk.org.tr\/index.php?rest_route=%2Fwp%2Fv2%2Ftags&post=9859"}],"curies":[{"name":"wp","href":"https:\/\/api.w.org\/{rel}","templated":true}]}}