{"id":9897,"date":"2023-04-10T11:21:36","date_gmt":"2023-04-10T08:21:36","guid":{"rendered":"https:\/\/arastirma.disk.org.tr\/?p=9897"},"modified":"2024-04-19T11:37:36","modified_gmt":"2024-04-19T08:37:36","slug":"9-milyon-genis-tanimli-issiz","status":"publish","type":"post","link":"https:\/\/arastirma.disk.org.tr\/?p=9897","title":{"rendered":"9 milyon geni\u015f tan\u0131ml\u0131 i\u015fsiz!"},"content":{"rendered":"<h3 style=\"text-align: center;\">D\u0130SK-AR \u0130\u015fsizlik ve \u0130stihdam\u0131n G\u00f6r\u00fcn\u00fcm\u00fc Raporu (Nisan 2023) Yay\u0131mland\u0131!<\/h3>\n<ul style=\"font-weight: 400;\">\n<li>Geni\u015f tan\u0131ml\u0131 i\u015fsiz say\u0131s\u0131 8 milyon 941 bine y\u00fckseldi!<\/li>\n<li>Geni\u015f tan\u0131ml\u0131 i\u015fsiz say\u0131s\u0131 bir y\u0131lda 947 bin, son bir ayda 569 bin artt\u0131!<\/li>\n<li>Geni\u015f tan\u0131ml\u0131 i\u015fsizlik oran\u0131 y\u00fczde 23,4!<\/li>\n<li>Resmi i\u015fsizlerin y\u00fczde 87\u2019si i\u015fsizlik \u00f6dene\u011fi alam\u0131yor!<\/li>\n<li>Geni\u015f tan\u0131ml\u0131 kad\u0131n i\u015fsizli\u011fi y\u00fczde 29,6!<\/li>\n<\/ul>\n<p><a href=\"http:\/\/arastirma.disk.org.tr\/wp-content\/uploads\/2023\/04\/ISSIZLIK-VE-ISTIHDAMIN-GORUNUMU-Nisan-2023.pdf\">Rapora eri\u015fmek i\u00e7in t\u0131klay\u0131n\u0131z.<\/a><\/p>\n<p>T\u00dc\u0130K\u2019in \u015eubat 2023 Hanehalk\u0131 \u0130\u015fg\u00fcc\u00fc Ara\u015ft\u0131rmas\u0131 (H\u0130A) sonu\u00e7lar\u0131 10 Nisan 2023\u2019te yay\u0131mland\u0131. Mevsim etkisinden ar\u0131nd\u0131r\u0131lm\u0131\u015f dar tan\u0131ml\u0131 i\u015fsizlik oran\u0131 y\u00fczde 10,0, mevsim etkisinden ar\u0131nd\u0131r\u0131lm\u0131\u015f geni\u015f tan\u0131ml\u0131 i\u015fsizlik oran\u0131 (\u00e2t\u0131l i\u015fg\u00fcc\u00fc) ise y\u00fczde 23,4 seviyesinde ger\u00e7ekle\u015fti. T\u00dc\u0130K\u2019e g\u00f6re T\u00fcrkiye genelinde 15 ve daha yukar\u0131 ya\u015ftaki ki\u015filerde dar tan\u0131ml\u0131 i\u015fsiz say\u0131s\u0131 (mevsim etkisinden ar\u0131nd\u0131r\u0131lm\u0131\u015f) 2023 \u015eubat ay\u0131nda bir \u00f6nceki aya g\u00f6re 65 bin ki\u015fi artarak 3 milyon 514 bin oldu.<\/p>\n<p>D\u0130SK-AR taraf\u0131ndan T\u00dc\u0130K verilerinden yararlanarak yap\u0131lan hesaplamaya g\u00f6re mevsim etkisinden ar\u0131nd\u0131r\u0131lm\u0131\u015f geni\u015f tan\u0131ml\u0131 i\u015fsiz say\u0131s\u0131 ise \u015eubat 2023\u2019te 8 milyon 941 bin ki\u015fi olarak ger\u00e7ekle\u015fti. T\u00dc\u0130K\u2019e g\u00f6re Ocak 2020\u2019de y\u00fczde 13 olan i\u015fsizlik \u015eubat 2023\u2019te y\u00fczde 10 olarak ger\u00e7ekle\u015fti. Ancak ayn\u0131 y\u0131llarda geni\u015f tan\u0131ml\u0131 i\u015fsizlik y\u00fczde 21,4\u2019ten y\u00fczde 23,4\u2019e y\u00fckseldi.<\/p>\n<p>\u00d6te yandan i\u015fsizlik \u00f6dene\u011finden yararlanma ko\u015fullar\u0131n\u0131n a\u011f\u0131r olmas\u0131 ve i\u015fsizlik sigortas\u0131 kaynaklar\u0131n\u0131n amac\u0131 d\u0131\u015f\u0131nda kullan\u0131lmas\u0131 sebebiyle i\u015fsizlerin b\u00fcy\u00fck \u00e7o\u011funlu\u011fu i\u015fsizlik \u00f6dene\u011finden yararlanam\u0131yor. \u015eubat 2023\u2019te T\u00dc\u0130K toplam dar tan\u0131ml\u0131 i\u015fsiz say\u0131s\u0131n\u0131 3 milyon 514 bin ki\u015fi olarak a\u00e7\u0131klad\u0131. \u0130\u015eKUR\u2019un \u015eubat 2023 verilerine g\u00f6re ise bu ayda i\u015fsizlik \u00f6dene\u011fi alabilenlerin say\u0131s\u0131 445 binde kald\u0131. B\u00f6ylece \u015eubat 2023\u2019de resmi i\u015fsizlerin sadece y\u00fczde 12,7\u2019si i\u015fsizlik sigortas\u0131 alabildi. 3 milyonu a\u015fk\u0131n i\u015fsiz i\u015fsizlik \u00f6dene\u011finden yoksun kald\u0131. Bu da i\u015fsizlerin yakla\u015f\u0131k y\u00fczde 87\u2019sinin i\u015fsizlik \u00f6dene\u011finden yararlanmad\u0131\u011f\u0131 anlam\u0131na geliyor.<\/p>\n<p>Kad\u0131n i\u015fsizli\u011fi t\u00fcm i\u015fsizlik t\u00fcrlerinde en y\u00fcksek kategori olmaya devam ediyor. Mevsim etkisinden ar\u0131nd\u0131r\u0131lm\u0131\u015f dar tan\u0131ml\u0131 i\u015fsizlik oran\u0131 erkeklerde y\u00fczde 8,7 iken kad\u0131nlarda y\u00fczde 12,6 olarak ger\u00e7ekle\u015fti. Geni\u015f tan\u0131ml\u0131 i\u015fsizlik (\u00e2t\u0131l i\u015fg\u00fcc\u00fc) erkeklerde y\u00fczde 19,8, kad\u0131nlarda ise y\u00fczde 29,6 olarak hesapland\u0131. Geni\u015f tan\u0131ml\u0131 kad\u0131n i\u015fsizli\u011fi ile geni\u015f tan\u0131ml\u0131 erkek i\u015fsizli\u011fi aras\u0131ndaki fark 9,8 puand\u0131r.<\/p>\n<p>Rapordan \u00f6zet bulgular \u015f\u00f6yle:<\/p>\n<ul style=\"font-weight: 400;\">\n<li>Geni\u015f tan\u0131ml\u0131 i\u015fsiz say\u0131s\u0131 8 milyon 941 bin!<\/li>\n<li>Geni\u015f tan\u0131ml\u0131 kad\u0131n i\u015fsizli\u011fi y\u00fczde 29,6!<\/li>\n<li>\u0130\u015fsizlerin yakla\u015f\u0131k y\u00fczde 87\u2019si i\u015fsizlik \u00f6dene\u011finden yararlanam\u0131yor!<\/li>\n<li>Geni\u015f ve dar tan\u0131ml\u0131 i\u015fsizlik aras\u0131ndaki fark 13,4 puan!<\/li>\n<\/ul>\n<figure id=\"attachment_9899\" aria-describedby=\"caption-attachment-9899\" style=\"width: 607px\" class=\"wp-caption aligncenter\"><a href=\"http:\/\/arastirma.disk.org.tr\/wp-content\/uploads\/2023\/04\/ISSIZLIK-VE-ISTIHDAMIN-GORUNUMU-Nisan-2023.pdf\"><img fetchpriority=\"high\" decoding=\"async\" class=\"wp-image-9899 size-full\" src=\"http:\/\/arastirma.disk.org.tr\/wp-content\/uploads\/2023\/04\/Ekran-Resmi-2023-04-10-11.12.00.png\" alt=\"\" width=\"607\" height=\"859\" srcset=\"https:\/\/arastirma.disk.org.tr\/wp-content\/uploads\/2023\/04\/Ekran-Resmi-2023-04-10-11.12.00.png 607w, https:\/\/arastirma.disk.org.tr\/wp-content\/uploads\/2023\/04\/Ekran-Resmi-2023-04-10-11.12.00-212x300.png 212w\" sizes=\"(max-width: 607px) 100vw, 607px\" \/><\/a><figcaption id=\"caption-attachment-9899\" class=\"wp-caption-text\">Rapora eri\u015fmek i\u00e7in kapak g\u00f6rseline t\u0131klay\u0131n\u0131z.<\/figcaption><\/figure>\n","protected":false},"excerpt":{"rendered":"<p>D\u0130SK-AR \u0130\u015fsizlik ve \u0130stihdam\u0131n G\u00f6r\u00fcn\u00fcm\u00fc Raporu (Nisan 2023) Yay\u0131mland\u0131! Geni\u015f tan\u0131ml\u0131 i\u015fsiz say\u0131s\u0131 8 milyon 941 bine y\u00fckseldi! Geni\u015f tan\u0131ml\u0131 i\u015fsiz say\u0131s\u0131 bir y\u0131lda 947&#8230;<\/p>\n","protected":false},"author":3,"featured_media":9898,"comment_status":"closed","ping_status":"closed","sticky":false,"template":"template-c-s2-post.php","format":"standard","meta":{"footnotes":""},"categories":[6,11,278],"tags":[425,10,364,427,426,39],"class_list":["post-9897","post","type-post","status-publish","format-standard","has-post-thumbnail","hentry","category-guncel","category-issizlik","category-manset","tag-genis-issizlik","tag-issizlik","tag-issizlik-raporlari","tag-issizlik-ve-istihdamin-gorunumu-nisan-2023","tag-nisan-2023","tag-tuik","wpcat-6-id","wpcat-11-id","wpcat-278-id"],"_links":{"self":[{"href":"https:\/\/arastirma.disk.org.tr\/index.php?rest_route=\/wp\/v2\/posts\/9897","targetHints":{"allow":["GET"]}}],"collection":[{"href":"https:\/\/arastirma.disk.org.tr\/index.php?rest_route=\/wp\/v2\/posts"}],"about":[{"href":"https:\/\/arastirma.disk.org.tr\/index.php?rest_route=\/wp\/v2\/types\/post"}],"author":[{"embeddable":true,"href":"https:\/\/arastirma.disk.org.tr\/index.php?rest_route=\/wp\/v2\/users\/3"}],"replies":[{"embeddable":true,"href":"https:\/\/arastirma.disk.org.tr\/index.php?rest_route=%2Fwp%2Fv2%2Fcomments&post=9897"}],"version-history":[{"count":3,"href":"https:\/\/arastirma.disk.org.tr\/index.php?rest_route=\/wp\/v2\/posts\/9897\/revisions"}],"predecessor-version":[{"id":10529,"href":"https:\/\/arastirma.disk.org.tr\/index.php?rest_route=\/wp\/v2\/posts\/9897\/revisions\/10529"}],"wp:featuredmedia":[{"embeddable":true,"href":"https:\/\/arastirma.disk.org.tr\/index.php?rest_route=\/wp\/v2\/media\/9898"}],"wp:attachment":[{"href":"https:\/\/arastirma.disk.org.tr\/index.php?rest_route=%2Fwp%2Fv2%2Fmedia&parent=9897"}],"wp:term":[{"taxonomy":"category","embeddable":true,"href":"https:\/\/arastirma.disk.org.tr\/index.php?rest_route=%2Fwp%2Fv2%2Fcategories&post=9897"},{"taxonomy":"post_tag","embeddable":true,"href":"https:\/\/arastirma.disk.org.tr\/index.php?rest_route=%2Fwp%2Fv2%2Ftags&post=9897"}],"curies":[{"name":"wp","href":"https:\/\/api.w.org\/{rel}","templated":true}]}}